{"id":5920,"date":"2024-04-04T21:59:46","date_gmt":"2024-04-04T18:59:46","guid":{"rendered":"https:\/\/euroports.fi\/?p=5920"},"modified":"2024-04-05T11:18:22","modified_gmt":"2024-04-05T08:18:22","slug":"tiedote-poliittisten-lakkojen-paattymisesta-8-4-2024","status":"publish","type":"post","link":"https:\/\/euroports.fi\/en\/uncategorized\/tiedote-poliittisten-lakkojen-paattymisesta-8-4-2024\/","title":{"rendered":"Strikes by stevedores and stevedoring foremen will end next Monday 8.4. at 6.00."},"content":{"rendered":"<p>Strikes by stevedores and stevedoring foremen will end next \nMonday 8.4. at 6.00.<\/p>\n<p>\u00a0<\/p>\n\n<p>For more information:<\/p>\n\n<p><strong>Euroports Rauma<\/strong><\/p>\n<p>\u2022 Breakbulk and Bulk-operation: Kari Jalonen, tel. +358 40 7203 309<\/p>\n<p>Breakbulk terminal operation: Tuomas Saarnilahti, tel. +358 44 5016458<\/p>\n<p>\u2022 Forwarding: Eeva-Kaisa Elonen, tel. +358 44 4213267<\/p>\n<p>\u2022 Container operation: Aleksi Lahti, tel. +358 44 501 0591<\/p>\n<p><strong>Euroports Hanko Oy<\/strong><\/p>\n<p>\u2022 Antti Paronen, tel. +358 40 7701 1556<\/p>\n<p><strong>Euroports Pietarsaari Ab<\/strong><\/p>\n<p>\u2022 Pauli Rautiainen, tel. +358 40 585 2603<\/p>\n\n<p>\u00a0<\/p>","protected":false},"excerpt":{"rendered":"<p>Ahtaajien ja ahtausty\u00f6njohtajien lakot p\u00e4\u00e4ttyv\u00e4t ensi maanantaina 8.4. klo 06.00 alkaen. \u00a0 Lis\u00e4tietoja asiasta: Euroports Rauma yhti\u00f6t \u2022 Breakbulk ja Bulk-operointi: Kari Jalonen, puh. +358 40 7203 309 \u2022 Breakbulk terminaalioperointi: Tuomas Saarnilahti, puh. +358 44 5016458 \u2022 Irtolasti- ja konttihuolinta: Eeva-Kaisa Elonen, puh. +358 44 4213267 \u2022 Konttioperointi: Aleksi Lahti, puh. +358 44 501 [&hellip;]<\/p>\n","protected":false},"author":18,"featured_media":4997,"comment_status":"open","ping_status":"open","sticky":true,"template":"","format":"standard","meta":{"_acf_changed":false,"footnotes":""},"categories":[1],"tags":[],"class_list":["post-5920","post","type-post","status-publish","format-standard","has-post-thumbnail","hentry","category-uncategorized"],"acf":{"hide_featured_image":false,"separate_image":null},"yoast_head":"<!-- This site is optimized with the Yoast SEO plugin v27.5 - https:\/\/yoast.com\/product\/yoast-seo-wordpress\/ -->\n<title>Ammattiliittojen poliittiset ty\u00f6taistelutoimet p\u00e4\u00e4ttyv\u00e4t 8.4.2024 - Euroports Finland<\/title>\n<meta name=\"robots\" content=\"index, follow, max-snippet:-1, max-image-preview:large, max-video-preview:-1\" \/>\n<link rel=\"canonical\" href=\"https:\/\/euroports.fi\/en\/uncategorized\/tiedote-poliittisten-lakkojen-paattymisesta-8-4-2024\/\" \/>\n<meta property=\"og:locale\" content=\"en_US\" \/>\n<meta property=\"og:type\" content=\"article\" \/>\n<meta property=\"og:title\" content=\"Ammattiliittojen poliittiset ty\u00f6taistelutoimet p\u00e4\u00e4ttyv\u00e4t 8.4.2024 - Euroports Finland\" \/>\n<meta property=\"og:description\" content=\"Ahtaajien ja ahtausty\u00f6njohtajien lakot p\u00e4\u00e4ttyv\u00e4t ensi maanantaina 8.4. klo 06.00 alkaen. \u00a0 Lis\u00e4tietoja asiasta: Euroports Rauma yhti\u00f6t \u2022 Breakbulk ja Bulk-operointi: Kari Jalonen, puh. +358 40 7203 309 \u2022 Breakbulk terminaalioperointi: Tuomas Saarnilahti, puh. +358 44 5016458 \u2022 Irtolasti- ja konttihuolinta: Eeva-Kaisa Elonen, puh. +358 44 4213267 \u2022 Konttioperointi: Aleksi Lahti, puh. +358 44 501 [&hellip;]\" \/>\n<meta property=\"og:url\" content=\"https:\/\/euroports.fi\/en\/uncategorized\/tiedote-poliittisten-lakkojen-paattymisesta-8-4-2024\/\" \/>\n<meta property=\"og:site_name\" content=\"Euroports Finland\" \/>\n<meta property=\"article:published_time\" content=\"2024-04-04T18:59:46+00:00\" \/>\n<meta property=\"article:modified_time\" content=\"2024-04-05T08:18:22+00:00\" \/>\n<meta property=\"og:image\" content=\"https:\/\/euroports.fi\/wp-content\/uploads\/2023\/01\/Rekry_Container-e1709725228545-1024x367.jpg\" \/>\n\t<meta property=\"og:image:width\" content=\"1024\" \/>\n\t<meta property=\"og:image:height\" content=\"367\" \/>\n\t<meta property=\"og:image:type\" content=\"image\/jpeg\" \/>\n<meta name=\"author\" content=\"Viola Juuso\" \/>\n<meta name=\"twitter:card\" content=\"summary_large_image\" \/>\n<meta name=\"twitter:label1\" content=\"Written by\" \/>\n\t<meta name=\"twitter:data1\" content=\"Viola Juuso\" \/>\n\t<meta name=\"twitter:label2\" content=\"Est. reading time\" \/>\n\t<meta name=\"twitter:data2\" content=\"1 minute\" \/>\n<script type=\"application\/ld+json\" class=\"yoast-schema-graph\">{\"@context\":\"https:\\\/\\\/schema.org\",\"@graph\":[{\"@type\":\"Article\",\"@id\":\"https:\\\/\\\/euroports.fi\\\/uncategorized\\\/tiedote-poliittisten-lakkojen-paattymisesta-8-4-2024\\\/#article\",\"isPartOf\":{\"@id\":\"https:\\\/\\\/euroports.fi\\\/uncategorized\\\/tiedote-poliittisten-lakkojen-paattymisesta-8-4-2024\\\/\"},\"author\":{\"name\":\"Viola Juuso\",\"@id\":\"https:\\\/\\\/euroports.fi\\\/en\\\/#\\\/schema\\\/person\\\/1a4b0c0893e447c80e5dbba4f43c9492\"},\"headline\":\"Ammattiliittojen poliittiset ty\u00f6taistelutoimet p\u00e4\u00e4ttyv\u00e4t 8.4.2024\",\"datePublished\":\"2024-04-04T18:59:46+00:00\",\"dateModified\":\"2024-04-05T08:18:22+00:00\",\"mainEntityOfPage\":{\"@id\":\"https:\\\/\\\/euroports.fi\\\/uncategorized\\\/tiedote-poliittisten-lakkojen-paattymisesta-8-4-2024\\\/\"},\"wordCount\":59,\"commentCount\":0,\"publisher\":{\"@id\":\"https:\\\/\\\/euroports.fi\\\/en\\\/#organization\"},\"image\":{\"@id\":\"https:\\\/\\\/euroports.fi\\\/uncategorized\\\/tiedote-poliittisten-lakkojen-paattymisesta-8-4-2024\\\/#primaryimage\"},\"thumbnailUrl\":\"https:\\\/\\\/euroports.fi\\\/wp-content\\\/uploads\\\/2023\\\/01\\\/Rekry_Container-e1709725228545.jpg\",\"inLanguage\":\"en-US\",\"potentialAction\":[{\"@type\":\"CommentAction\",\"name\":\"Comment\",\"target\":[\"https:\\\/\\\/euroports.fi\\\/uncategorized\\\/tiedote-poliittisten-lakkojen-paattymisesta-8-4-2024\\\/#respond\"]}]},{\"@type\":\"WebPage\",\"@id\":\"https:\\\/\\\/euroports.fi\\\/uncategorized\\\/tiedote-poliittisten-lakkojen-paattymisesta-8-4-2024\\\/\",\"url\":\"https:\\\/\\\/euroports.fi\\\/uncategorized\\\/tiedote-poliittisten-lakkojen-paattymisesta-8-4-2024\\\/\",\"name\":\"Ammattiliittojen poliittiset ty\u00f6taistelutoimet p\u00e4\u00e4ttyv\u00e4t 8.4.2024 - Euroports Finland\",\"isPartOf\":{\"@id\":\"https:\\\/\\\/euroports.fi\\\/en\\\/#website\"},\"primaryImageOfPage\":{\"@id\":\"https:\\\/\\\/euroports.fi\\\/uncategorized\\\/tiedote-poliittisten-lakkojen-paattymisesta-8-4-2024\\\/#primaryimage\"},\"image\":{\"@id\":\"https:\\\/\\\/euroports.fi\\\/uncategorized\\\/tiedote-poliittisten-lakkojen-paattymisesta-8-4-2024\\\/#primaryimage\"},\"thumbnailUrl\":\"https:\\\/\\\/euroports.fi\\\/wp-content\\\/uploads\\\/2023\\\/01\\\/Rekry_Container-e1709725228545.jpg\",\"datePublished\":\"2024-04-04T18:59:46+00:00\",\"dateModified\":\"2024-04-05T08:18:22+00:00\",\"breadcrumb\":{\"@id\":\"https:\\\/\\\/euroports.fi\\\/uncategorized\\\/tiedote-poliittisten-lakkojen-paattymisesta-8-4-2024\\\/#breadcrumb\"},\"inLanguage\":\"en-US\",\"potentialAction\":[{\"@type\":\"ReadAction\",\"target\":[\"https:\\\/\\\/euroports.fi\\\/uncategorized\\\/tiedote-poliittisten-lakkojen-paattymisesta-8-4-2024\\\/\"]}]},{\"@type\":\"ImageObject\",\"inLanguage\":\"en-US\",\"@id\":\"https:\\\/\\\/euroports.fi\\\/uncategorized\\\/tiedote-poliittisten-lakkojen-paattymisesta-8-4-2024\\\/#primaryimage\",\"url\":\"https:\\\/\\\/euroports.fi\\\/wp-content\\\/uploads\\\/2023\\\/01\\\/Rekry_Container-e1709725228545.jpg\",\"contentUrl\":\"https:\\\/\\\/euroports.fi\\\/wp-content\\\/uploads\\\/2023\\\/01\\\/Rekry_Container-e1709725228545.jpg\",\"width\":2169,\"height\":777},{\"@type\":\"BreadcrumbList\",\"@id\":\"https:\\\/\\\/euroports.fi\\\/uncategorized\\\/tiedote-poliittisten-lakkojen-paattymisesta-8-4-2024\\\/#breadcrumb\",\"itemListElement\":[{\"@type\":\"ListItem\",\"position\":1,\"name\":\"Home\",\"item\":\"https:\\\/\\\/euroports.fi\\\/\"},{\"@type\":\"ListItem\",\"position\":2,\"name\":\"Ammattiliittojen poliittiset ty\u00f6taistelutoimet p\u00e4\u00e4ttyv\u00e4t 8.4.2024\"}]},{\"@type\":\"WebSite\",\"@id\":\"https:\\\/\\\/euroports.fi\\\/en\\\/#website\",\"url\":\"https:\\\/\\\/euroports.fi\\\/en\\\/\",\"name\":\"Euroports Finland\",\"description\":\"T\u00e4yden palvelun satamaoperaattori.\",\"publisher\":{\"@id\":\"https:\\\/\\\/euroports.fi\\\/en\\\/#organization\"},\"potentialAction\":[{\"@type\":\"SearchAction\",\"target\":{\"@type\":\"EntryPoint\",\"urlTemplate\":\"https:\\\/\\\/euroports.fi\\\/en\\\/?s={search_term_string}\"},\"query-input\":{\"@type\":\"PropertyValueSpecification\",\"valueRequired\":true,\"valueName\":\"search_term_string\"}}],\"inLanguage\":\"en-US\"},{\"@type\":\"Organization\",\"@id\":\"https:\\\/\\\/euroports.fi\\\/en\\\/#organization\",\"name\":\"Euroports Finland\",\"url\":\"https:\\\/\\\/euroports.fi\\\/en\\\/\",\"logo\":{\"@type\":\"ImageObject\",\"inLanguage\":\"en-US\",\"@id\":\"https:\\\/\\\/euroports.fi\\\/en\\\/#\\\/schema\\\/logo\\\/image\\\/\",\"url\":\"https:\\\/\\\/euroports.fi\\\/wp-content\\\/uploads\\\/2022\\\/01\\\/cropped-euroports_logo.png\",\"contentUrl\":\"https:\\\/\\\/euroports.fi\\\/wp-content\\\/uploads\\\/2022\\\/01\\\/cropped-euroports_logo.png\",\"width\":350,\"height\":100,\"caption\":\"Euroports Finland\"},\"image\":{\"@id\":\"https:\\\/\\\/euroports.fi\\\/en\\\/#\\\/schema\\\/logo\\\/image\\\/\"}},{\"@type\":\"Person\",\"@id\":\"https:\\\/\\\/euroports.fi\\\/en\\\/#\\\/schema\\\/person\\\/1a4b0c0893e447c80e5dbba4f43c9492\",\"name\":\"Viola Juuso\",\"image\":{\"@type\":\"ImageObject\",\"inLanguage\":\"en-US\",\"@id\":\"https:\\\/\\\/secure.gravatar.com\\\/avatar\\\/e50391ca51e3f417d0532ca37d5764c3fcee1110d6d9c4a1f55d67e5d6b1677c?s=96&d=mm&r=g\",\"url\":\"https:\\\/\\\/secure.gravatar.com\\\/avatar\\\/e50391ca51e3f417d0532ca37d5764c3fcee1110d6d9c4a1f55d67e5d6b1677c?s=96&d=mm&r=g\",\"contentUrl\":\"https:\\\/\\\/secure.gravatar.com\\\/avatar\\\/e50391ca51e3f417d0532ca37d5764c3fcee1110d6d9c4a1f55d67e5d6b1677c?s=96&d=mm&r=g\",\"caption\":\"Viola Juuso\"},\"url\":\"https:\\\/\\\/euroports.fi\\\/en\\\/author\\\/viola-juusoeuroports-com\\\/\"}]}<\/script>\n<!-- \/ Yoast SEO plugin. -->","yoast_head_json":{"title":"Ammattiliittojen poliittiset ty\u00f6taistelutoimet p\u00e4\u00e4ttyv\u00e4t 8.4.2024 - Euroports Finland","robots":{"index":"index","follow":"follow","max-snippet":"max-snippet:-1","max-image-preview":"max-image-preview:large","max-video-preview":"max-video-preview:-1"},"canonical":"https:\/\/euroports.fi\/en\/uncategorized\/tiedote-poliittisten-lakkojen-paattymisesta-8-4-2024\/","og_locale":"en_US","og_type":"article","og_title":"Ammattiliittojen poliittiset ty\u00f6taistelutoimet p\u00e4\u00e4ttyv\u00e4t 8.4.2024 - Euroports Finland","og_description":"Ahtaajien ja ahtausty\u00f6njohtajien lakot p\u00e4\u00e4ttyv\u00e4t ensi maanantaina 8.4. klo 06.00 alkaen. \u00a0 Lis\u00e4tietoja asiasta: Euroports Rauma yhti\u00f6t \u2022 Breakbulk ja Bulk-operointi: Kari Jalonen, puh. +358 40 7203 309 \u2022 Breakbulk terminaalioperointi: Tuomas Saarnilahti, puh. +358 44 5016458 \u2022 Irtolasti- ja konttihuolinta: Eeva-Kaisa Elonen, puh. +358 44 4213267 \u2022 Konttioperointi: Aleksi Lahti, puh. +358 44 501 [&hellip;]","og_url":"https:\/\/euroports.fi\/en\/uncategorized\/tiedote-poliittisten-lakkojen-paattymisesta-8-4-2024\/","og_site_name":"Euroports Finland","article_published_time":"2024-04-04T18:59:46+00:00","article_modified_time":"2024-04-05T08:18:22+00:00","og_image":[{"width":1024,"height":367,"url":"https:\/\/euroports.fi\/wp-content\/uploads\/2023\/01\/Rekry_Container-e1709725228545-1024x367.jpg","type":"image\/jpeg"}],"author":"Viola Juuso","twitter_card":"summary_large_image","twitter_misc":{"Written by":"Viola Juuso","Est. reading time":"1 minute"},"schema":{"@context":"https:\/\/schema.org","@graph":[{"@type":"Article","@id":"https:\/\/euroports.fi\/uncategorized\/tiedote-poliittisten-lakkojen-paattymisesta-8-4-2024\/#article","isPartOf":{"@id":"https:\/\/euroports.fi\/uncategorized\/tiedote-poliittisten-lakkojen-paattymisesta-8-4-2024\/"},"author":{"name":"Viola Juuso","@id":"https:\/\/euroports.fi\/en\/#\/schema\/person\/1a4b0c0893e447c80e5dbba4f43c9492"},"headline":"Ammattiliittojen poliittiset ty\u00f6taistelutoimet p\u00e4\u00e4ttyv\u00e4t 8.4.2024","datePublished":"2024-04-04T18:59:46+00:00","dateModified":"2024-04-05T08:18:22+00:00","mainEntityOfPage":{"@id":"https:\/\/euroports.fi\/uncategorized\/tiedote-poliittisten-lakkojen-paattymisesta-8-4-2024\/"},"wordCount":59,"commentCount":0,"publisher":{"@id":"https:\/\/euroports.fi\/en\/#organization"},"image":{"@id":"https:\/\/euroports.fi\/uncategorized\/tiedote-poliittisten-lakkojen-paattymisesta-8-4-2024\/#primaryimage"},"thumbnailUrl":"https:\/\/euroports.fi\/wp-content\/uploads\/2023\/01\/Rekry_Container-e1709725228545.jpg","inLanguage":"en-US","potentialAction":[{"@type":"CommentAction","name":"Comment","target":["https:\/\/euroports.fi\/uncategorized\/tiedote-poliittisten-lakkojen-paattymisesta-8-4-2024\/#respond"]}]},{"@type":"WebPage","@id":"https:\/\/euroports.fi\/uncategorized\/tiedote-poliittisten-lakkojen-paattymisesta-8-4-2024\/","url":"https:\/\/euroports.fi\/uncategorized\/tiedote-poliittisten-lakkojen-paattymisesta-8-4-2024\/","name":"Ammattiliittojen poliittiset ty\u00f6taistelutoimet p\u00e4\u00e4ttyv\u00e4t 8.4.2024 - Euroports Finland","isPartOf":{"@id":"https:\/\/euroports.fi\/en\/#website"},"primaryImageOfPage":{"@id":"https:\/\/euroports.fi\/uncategorized\/tiedote-poliittisten-lakkojen-paattymisesta-8-4-2024\/#primaryimage"},"image":{"@id":"https:\/\/euroports.fi\/uncategorized\/tiedote-poliittisten-lakkojen-paattymisesta-8-4-2024\/#primaryimage"},"thumbnailUrl":"https:\/\/euroports.fi\/wp-content\/uploads\/2023\/01\/Rekry_Container-e1709725228545.jpg","datePublished":"2024-04-04T18:59:46+00:00","dateModified":"2024-04-05T08:18:22+00:00","breadcrumb":{"@id":"https:\/\/euroports.fi\/uncategorized\/tiedote-poliittisten-lakkojen-paattymisesta-8-4-2024\/#breadcrumb"},"inLanguage":"en-US","potentialAction":[{"@type":"ReadAction","target":["https:\/\/euroports.fi\/uncategorized\/tiedote-poliittisten-lakkojen-paattymisesta-8-4-2024\/"]}]},{"@type":"ImageObject","inLanguage":"en-US","@id":"https:\/\/euroports.fi\/uncategorized\/tiedote-poliittisten-lakkojen-paattymisesta-8-4-2024\/#primaryimage","url":"https:\/\/euroports.fi\/wp-content\/uploads\/2023\/01\/Rekry_Container-e1709725228545.jpg","contentUrl":"https:\/\/euroports.fi\/wp-content\/uploads\/2023\/01\/Rekry_Container-e1709725228545.jpg","width":2169,"height":777},{"@type":"BreadcrumbList","@id":"https:\/\/euroports.fi\/uncategorized\/tiedote-poliittisten-lakkojen-paattymisesta-8-4-2024\/#breadcrumb","itemListElement":[{"@type":"ListItem","position":1,"name":"Home","item":"https:\/\/euroports.fi\/"},{"@type":"ListItem","position":2,"name":"Ammattiliittojen poliittiset ty\u00f6taistelutoimet p\u00e4\u00e4ttyv\u00e4t 8.4.2024"}]},{"@type":"WebSite","@id":"https:\/\/euroports.fi\/en\/#website","url":"https:\/\/euroports.fi\/en\/","name":"Euroports Finland","description":"T\u00e4yden palvelun satamaoperaattori.","publisher":{"@id":"https:\/\/euroports.fi\/en\/#organization"},"potentialAction":[{"@type":"SearchAction","target":{"@type":"EntryPoint","urlTemplate":"https:\/\/euroports.fi\/en\/?s={search_term_string}"},"query-input":{"@type":"PropertyValueSpecification","valueRequired":true,"valueName":"search_term_string"}}],"inLanguage":"en-US"},{"@type":"Organization","@id":"https:\/\/euroports.fi\/en\/#organization","name":"Euroports Finland","url":"https:\/\/euroports.fi\/en\/","logo":{"@type":"ImageObject","inLanguage":"en-US","@id":"https:\/\/euroports.fi\/en\/#\/schema\/logo\/image\/","url":"https:\/\/euroports.fi\/wp-content\/uploads\/2022\/01\/cropped-euroports_logo.png","contentUrl":"https:\/\/euroports.fi\/wp-content\/uploads\/2022\/01\/cropped-euroports_logo.png","width":350,"height":100,"caption":"Euroports Finland"},"image":{"@id":"https:\/\/euroports.fi\/en\/#\/schema\/logo\/image\/"}},{"@type":"Person","@id":"https:\/\/euroports.fi\/en\/#\/schema\/person\/1a4b0c0893e447c80e5dbba4f43c9492","name":"Viola Juuso","image":{"@type":"ImageObject","inLanguage":"en-US","@id":"https:\/\/secure.gravatar.com\/avatar\/e50391ca51e3f417d0532ca37d5764c3fcee1110d6d9c4a1f55d67e5d6b1677c?s=96&d=mm&r=g","url":"https:\/\/secure.gravatar.com\/avatar\/e50391ca51e3f417d0532ca37d5764c3fcee1110d6d9c4a1f55d67e5d6b1677c?s=96&d=mm&r=g","contentUrl":"https:\/\/secure.gravatar.com\/avatar\/e50391ca51e3f417d0532ca37d5764c3fcee1110d6d9c4a1f55d67e5d6b1677c?s=96&d=mm&r=g","caption":"Viola Juuso"},"url":"https:\/\/euroports.fi\/en\/author\/viola-juusoeuroports-com\/"}]}},"_links":{"self":[{"href":"https:\/\/euroports.fi\/en\/wp-json\/wp\/v2\/posts\/5920","targetHints":{"allow":["GET"]}}],"collection":[{"href":"https:\/\/euroports.fi\/en\/wp-json\/wp\/v2\/posts"}],"about":[{"href":"https:\/\/euroports.fi\/en\/wp-json\/wp\/v2\/types\/post"}],"author":[{"embeddable":true,"href":"https:\/\/euroports.fi\/en\/wp-json\/wp\/v2\/users\/18"}],"replies":[{"embeddable":true,"href":"https:\/\/euroports.fi\/en\/wp-json\/wp\/v2\/comments?post=5920"}],"version-history":[{"count":10,"href":"https:\/\/euroports.fi\/en\/wp-json\/wp\/v2\/posts\/5920\/revisions"}],"predecessor-version":[{"id":5934,"href":"https:\/\/euroports.fi\/en\/wp-json\/wp\/v2\/posts\/5920\/revisions\/5934"}],"wp:featuredmedia":[{"embeddable":true,"href":"https:\/\/euroports.fi\/en\/wp-json\/wp\/v2\/media\/4997"}],"wp:attachment":[{"href":"https:\/\/euroports.fi\/en\/wp-json\/wp\/v2\/media?parent=5920"}],"wp:term":[{"taxonomy":"category","embeddable":true,"href":"https:\/\/euroports.fi\/en\/wp-json\/wp\/v2\/categories?post=5920"},{"taxonomy":"post_tag","embeddable":true,"href":"https:\/\/euroports.fi\/en\/wp-json\/wp\/v2\/tags?post=5920"}],"curies":[{"name":"wp","href":"https:\/\/api.w.org\/{rel}","templated":true}]}}