{"id":5856,"date":"2024-03-28T10:29:10","date_gmt":"2024-03-28T07:29:10","guid":{"rendered":"https:\/\/euroports.fi\/?p=5856"},"modified":"2024-04-03T11:28:17","modified_gmt":"2024-04-03T08:28:17","slug":"tiedote-tyonseisauksesta","status":"publish","type":"post","link":"https:\/\/euroports.fi\/en\/uncategorized\/tiedote-tyonseisauksesta\/","title":{"rendered":"The political strikes continue"},"content":{"rendered":"<div data-elementor-type=\"wp-post\" data-elementor-id=\"5856\" class=\"elementor elementor-5856\" data-elementor-post-type=\"post\">\n\t\t\t\t\t\t<section class=\"elementor-section elementor-top-section elementor-element elementor-element-8a7e96a elementor-section-boxed elementor-section-height-default elementor-section-height-default\" data-id=\"8a7e96a\" data-element_type=\"section\" data-e-type=\"section\">\n\t\t\t\t\t\t<div class=\"elementor-container elementor-column-gap-default\">\n\t\t\t\t\t<div class=\"elementor-column elementor-col-100 elementor-top-column elementor-element elementor-element-9feeb5a\" data-id=\"9feeb5a\" data-element_type=\"column\" data-e-type=\"column\">\n\t\t\t<div class=\"elementor-widget-wrap elementor-element-populated\">\n\t\t\t\t\t\t<div class=\"elementor-element elementor-element-459474d elementor-widget elementor-widget-text-editor\" data-id=\"459474d\" data-element_type=\"widget\" data-e-type=\"widget\" data-widget_type=\"text-editor.default\">\n\t\t\t\t<div class=\"elementor-widget-container\">\n\t\t\t\t\t\t\t\t\t<div><p>The Transport and Logistics Trade Union (AKT Ry) <span class=\"OYPEnA text-decoration-none text-strikethrough-none\">and the Trade Union Pro<\/span> <span class=\"OYPEnA text-decoration-none text-strikethrough-none\">have announced the continuation of political industrial action.<\/span><\/p><p>Starting on Monday 1.4.2024 at 06.00 and ending on 8.4.2024 at 06.00.<\/p><p>All our operations will be affected and all Euroports Finland terminals will be closed during the strike.<\/p><p>\u00a0<\/p><p>\u00a0<\/p><p>For more information:<\/p><p>\u00a0<\/p><p class=\"cvGsUA direction-ltr align-start para-style-body\"><span class=\"OYPEnA text-decoration-none text-strikethrough-none\">Managing Director<\/span><\/p><p class=\"cvGsUA direction-ltr align-start para-style-body\"><span class=\"OYPEnA text-decoration-none text-strikethrough-none\">Sari De Meulder<\/span><\/p><p class=\"cvGsUA direction-ltr align-start para-style-body\"><span class=\"OYPEnA text-decoration-none text-strikethrough-none\">+358 40 056 8501 <\/span><\/p><p class=\"cvGsUA direction-ltr align-start para-style-body\"><span class=\"OYPEnA text-decoration-none text-strikethrough-none\">sari.demeulder@euroports.com<\/span><\/p><p>\u00a0<\/p><\/div>\t\t\t\t\t\t\t\t<\/div>\n\t\t\t\t<\/div>\n\t\t\t\t\t<\/div>\n\t\t<\/div>\n\t\t\t\t\t<\/div>\n\t\t<\/section>\n\t\t\t\t<\/div>","protected":false},"excerpt":{"rendered":"<p>Auto- ja Kuljetusalan Ty\u00f6ntekij\u00e4liitto AKT Ry, sek\u00e4 Ammattiliitto Pro ovat ilmoittaneet poliittisten ty\u00f6nseisauksien jatkuvan. Alkaen maanantaina 1.4.2024 klo 06.00 ja p\u00e4\u00e4ttyen 8.4.2024 klo 06.00. Lakot vaikuttavat kaikkiin toimintoihimme ja kaikki Euroports Finlandin terminaalit ovat suljettuina lakon ajan. \u00a0 \u00a0 Lis\u00e4tietoja asiasta: \u00a0 Toimitusjohtaja Sari De Meulder +358 40 056 8501 sari.demeulder@euroports.com \u00a0<\/p>","protected":false},"author":18,"featured_media":4997,"comment_status":"open","ping_status":"open","sticky":true,"template":"","format":"standard","meta":{"_acf_changed":false,"footnotes":""},"categories":[1],"tags":[],"class_list":["post-5856","post","type-post","status-publish","format-standard","has-post-thumbnail","hentry","category-uncategorized"],"acf":{"hide_featured_image":false,"separate_image":null},"yoast_head":"<!-- This site is optimized with the Yoast SEO plugin v27.5 - https:\/\/yoast.com\/product\/yoast-seo-wordpress\/ -->\n<title>Poliittiset ty\u00f6nseisaukset jatkuvat - Euroports Finland<\/title>\n<meta name=\"robots\" content=\"index, follow, max-snippet:-1, max-image-preview:large, max-video-preview:-1\" \/>\n<link rel=\"canonical\" href=\"https:\/\/euroports.fi\/en\/uncategorized\/tiedote-tyonseisauksesta\/\" \/>\n<meta property=\"og:locale\" content=\"en_US\" \/>\n<meta property=\"og:type\" content=\"article\" \/>\n<meta property=\"og:title\" content=\"Poliittiset ty\u00f6nseisaukset jatkuvat - Euroports Finland\" \/>\n<meta property=\"og:description\" content=\"Auto- ja Kuljetusalan Ty\u00f6ntekij\u00e4liitto AKT Ry, sek\u00e4 Ammattiliitto Pro ovat ilmoittaneet poliittisten ty\u00f6nseisauksien jatkuvan. Alkaen maanantaina 1.4.2024 klo 06.00 ja p\u00e4\u00e4ttyen 8.4.2024 klo 06.00. Lakot vaikuttavat kaikkiin toimintoihimme ja kaikki Euroports Finlandin terminaalit ovat suljettuina lakon ajan. \u00a0 \u00a0 Lis\u00e4tietoja asiasta: \u00a0 Toimitusjohtaja Sari De Meulder +358 40 056 8501 sari.demeulder@euroports.com \u00a0\" \/>\n<meta property=\"og:url\" content=\"https:\/\/euroports.fi\/en\/uncategorized\/tiedote-tyonseisauksesta\/\" \/>\n<meta property=\"og:site_name\" content=\"Euroports Finland\" \/>\n<meta property=\"article:published_time\" content=\"2024-03-28T07:29:10+00:00\" \/>\n<meta property=\"article:modified_time\" content=\"2024-04-03T08:28:17+00:00\" \/>\n<meta property=\"og:image\" content=\"https:\/\/euroports.fi\/wp-content\/uploads\/2023\/01\/Rekry_Container-e1709725228545-1024x367.jpg\" \/>\n\t<meta property=\"og:image:width\" content=\"1024\" \/>\n\t<meta property=\"og:image:height\" content=\"367\" \/>\n\t<meta property=\"og:image:type\" content=\"image\/jpeg\" \/>\n<meta name=\"author\" content=\"Viola Juuso\" \/>\n<meta name=\"twitter:card\" content=\"summary_large_image\" \/>\n<meta name=\"twitter:label1\" content=\"Written by\" \/>\n\t<meta name=\"twitter:data1\" content=\"Viola Juuso\" \/>\n\t<meta name=\"twitter:label2\" content=\"Est. reading time\" \/>\n\t<meta name=\"twitter:data2\" content=\"1 minute\" \/>\n<script type=\"application\/ld+json\" class=\"yoast-schema-graph\">{\"@context\":\"https:\\\/\\\/schema.org\",\"@graph\":[{\"@type\":\"Article\",\"@id\":\"https:\\\/\\\/euroports.fi\\\/en\\\/uncategorized\\\/tiedote-tyonseisauksesta\\\/#article\",\"isPartOf\":{\"@id\":\"https:\\\/\\\/euroports.fi\\\/en\\\/uncategorized\\\/tiedote-tyonseisauksesta\\\/\"},\"author\":{\"name\":\"Viola Juuso\",\"@id\":\"https:\\\/\\\/euroports.fi\\\/en\\\/#\\\/schema\\\/person\\\/1a4b0c0893e447c80e5dbba4f43c9492\"},\"headline\":\"Poliittiset ty\u00f6nseisaukset jatkuvat\",\"datePublished\":\"2024-03-28T07:29:10+00:00\",\"dateModified\":\"2024-04-03T08:28:17+00:00\",\"mainEntityOfPage\":{\"@id\":\"https:\\\/\\\/euroports.fi\\\/en\\\/uncategorized\\\/tiedote-tyonseisauksesta\\\/\"},\"wordCount\":52,\"commentCount\":0,\"publisher\":{\"@id\":\"https:\\\/\\\/euroports.fi\\\/en\\\/#organization\"},\"image\":{\"@id\":\"https:\\\/\\\/euroports.fi\\\/en\\\/uncategorized\\\/tiedote-tyonseisauksesta\\\/#primaryimage\"},\"thumbnailUrl\":\"https:\\\/\\\/euroports.fi\\\/wp-content\\\/uploads\\\/2023\\\/01\\\/Rekry_Container-e1709725228545.jpg\",\"inLanguage\":\"en-US\",\"potentialAction\":[{\"@type\":\"CommentAction\",\"name\":\"Comment\",\"target\":[\"https:\\\/\\\/euroports.fi\\\/en\\\/uncategorized\\\/tiedote-tyonseisauksesta\\\/#respond\"]}]},{\"@type\":\"WebPage\",\"@id\":\"https:\\\/\\\/euroports.fi\\\/en\\\/uncategorized\\\/tiedote-tyonseisauksesta\\\/\",\"url\":\"https:\\\/\\\/euroports.fi\\\/en\\\/uncategorized\\\/tiedote-tyonseisauksesta\\\/\",\"name\":\"Poliittiset ty\u00f6nseisaukset jatkuvat - Euroports Finland\",\"isPartOf\":{\"@id\":\"https:\\\/\\\/euroports.fi\\\/en\\\/#website\"},\"primaryImageOfPage\":{\"@id\":\"https:\\\/\\\/euroports.fi\\\/en\\\/uncategorized\\\/tiedote-tyonseisauksesta\\\/#primaryimage\"},\"image\":{\"@id\":\"https:\\\/\\\/euroports.fi\\\/en\\\/uncategorized\\\/tiedote-tyonseisauksesta\\\/#primaryimage\"},\"thumbnailUrl\":\"https:\\\/\\\/euroports.fi\\\/wp-content\\\/uploads\\\/2023\\\/01\\\/Rekry_Container-e1709725228545.jpg\",\"datePublished\":\"2024-03-28T07:29:10+00:00\",\"dateModified\":\"2024-04-03T08:28:17+00:00\",\"breadcrumb\":{\"@id\":\"https:\\\/\\\/euroports.fi\\\/en\\\/uncategorized\\\/tiedote-tyonseisauksesta\\\/#breadcrumb\"},\"inLanguage\":\"en-US\",\"potentialAction\":[{\"@type\":\"ReadAction\",\"target\":[\"https:\\\/\\\/euroports.fi\\\/en\\\/uncategorized\\\/tiedote-tyonseisauksesta\\\/\"]}]},{\"@type\":\"ImageObject\",\"inLanguage\":\"en-US\",\"@id\":\"https:\\\/\\\/euroports.fi\\\/en\\\/uncategorized\\\/tiedote-tyonseisauksesta\\\/#primaryimage\",\"url\":\"https:\\\/\\\/euroports.fi\\\/wp-content\\\/uploads\\\/2023\\\/01\\\/Rekry_Container-e1709725228545.jpg\",\"contentUrl\":\"https:\\\/\\\/euroports.fi\\\/wp-content\\\/uploads\\\/2023\\\/01\\\/Rekry_Container-e1709725228545.jpg\",\"width\":2169,\"height\":777},{\"@type\":\"BreadcrumbList\",\"@id\":\"https:\\\/\\\/euroports.fi\\\/en\\\/uncategorized\\\/tiedote-tyonseisauksesta\\\/#breadcrumb\",\"itemListElement\":[{\"@type\":\"ListItem\",\"position\":1,\"name\":\"Home\",\"item\":\"https:\\\/\\\/euroports.fi\\\/\"},{\"@type\":\"ListItem\",\"position\":2,\"name\":\"Poliittiset ty\u00f6nseisaukset jatkuvat\"}]},{\"@type\":\"WebSite\",\"@id\":\"https:\\\/\\\/euroports.fi\\\/en\\\/#website\",\"url\":\"https:\\\/\\\/euroports.fi\\\/en\\\/\",\"name\":\"Euroports Finland\",\"description\":\"T\u00e4yden palvelun satamaoperaattori.\",\"publisher\":{\"@id\":\"https:\\\/\\\/euroports.fi\\\/en\\\/#organization\"},\"potentialAction\":[{\"@type\":\"SearchAction\",\"target\":{\"@type\":\"EntryPoint\",\"urlTemplate\":\"https:\\\/\\\/euroports.fi\\\/en\\\/?s={search_term_string}\"},\"query-input\":{\"@type\":\"PropertyValueSpecification\",\"valueRequired\":true,\"valueName\":\"search_term_string\"}}],\"inLanguage\":\"en-US\"},{\"@type\":\"Organization\",\"@id\":\"https:\\\/\\\/euroports.fi\\\/en\\\/#organization\",\"name\":\"Euroports Finland\",\"url\":\"https:\\\/\\\/euroports.fi\\\/en\\\/\",\"logo\":{\"@type\":\"ImageObject\",\"inLanguage\":\"en-US\",\"@id\":\"https:\\\/\\\/euroports.fi\\\/en\\\/#\\\/schema\\\/logo\\\/image\\\/\",\"url\":\"https:\\\/\\\/euroports.fi\\\/wp-content\\\/uploads\\\/2022\\\/01\\\/cropped-euroports_logo.png\",\"contentUrl\":\"https:\\\/\\\/euroports.fi\\\/wp-content\\\/uploads\\\/2022\\\/01\\\/cropped-euroports_logo.png\",\"width\":350,\"height\":100,\"caption\":\"Euroports Finland\"},\"image\":{\"@id\":\"https:\\\/\\\/euroports.fi\\\/en\\\/#\\\/schema\\\/logo\\\/image\\\/\"}},{\"@type\":\"Person\",\"@id\":\"https:\\\/\\\/euroports.fi\\\/en\\\/#\\\/schema\\\/person\\\/1a4b0c0893e447c80e5dbba4f43c9492\",\"name\":\"Viola Juuso\",\"image\":{\"@type\":\"ImageObject\",\"inLanguage\":\"en-US\",\"@id\":\"https:\\\/\\\/secure.gravatar.com\\\/avatar\\\/e50391ca51e3f417d0532ca37d5764c3fcee1110d6d9c4a1f55d67e5d6b1677c?s=96&d=mm&r=g\",\"url\":\"https:\\\/\\\/secure.gravatar.com\\\/avatar\\\/e50391ca51e3f417d0532ca37d5764c3fcee1110d6d9c4a1f55d67e5d6b1677c?s=96&d=mm&r=g\",\"contentUrl\":\"https:\\\/\\\/secure.gravatar.com\\\/avatar\\\/e50391ca51e3f417d0532ca37d5764c3fcee1110d6d9c4a1f55d67e5d6b1677c?s=96&d=mm&r=g\",\"caption\":\"Viola Juuso\"},\"url\":\"https:\\\/\\\/euroports.fi\\\/en\\\/author\\\/viola-juusoeuroports-com\\\/\"}]}<\/script>\n<!-- \/ Yoast SEO plugin. -->","yoast_head_json":{"title":"Poliittiset ty\u00f6nseisaukset jatkuvat - Euroports Finland","robots":{"index":"index","follow":"follow","max-snippet":"max-snippet:-1","max-image-preview":"max-image-preview:large","max-video-preview":"max-video-preview:-1"},"canonical":"https:\/\/euroports.fi\/en\/uncategorized\/tiedote-tyonseisauksesta\/","og_locale":"en_US","og_type":"article","og_title":"Poliittiset ty\u00f6nseisaukset jatkuvat - Euroports Finland","og_description":"Auto- ja Kuljetusalan Ty\u00f6ntekij\u00e4liitto AKT Ry, sek\u00e4 Ammattiliitto Pro ovat ilmoittaneet poliittisten ty\u00f6nseisauksien jatkuvan. Alkaen maanantaina 1.4.2024 klo 06.00 ja p\u00e4\u00e4ttyen 8.4.2024 klo 06.00. Lakot vaikuttavat kaikkiin toimintoihimme ja kaikki Euroports Finlandin terminaalit ovat suljettuina lakon ajan. \u00a0 \u00a0 Lis\u00e4tietoja asiasta: \u00a0 Toimitusjohtaja Sari De Meulder +358 40 056 8501 sari.demeulder@euroports.com \u00a0","og_url":"https:\/\/euroports.fi\/en\/uncategorized\/tiedote-tyonseisauksesta\/","og_site_name":"Euroports Finland","article_published_time":"2024-03-28T07:29:10+00:00","article_modified_time":"2024-04-03T08:28:17+00:00","og_image":[{"width":1024,"height":367,"url":"https:\/\/euroports.fi\/wp-content\/uploads\/2023\/01\/Rekry_Container-e1709725228545-1024x367.jpg","type":"image\/jpeg"}],"author":"Viola Juuso","twitter_card":"summary_large_image","twitter_misc":{"Written by":"Viola Juuso","Est. reading time":"1 minute"},"schema":{"@context":"https:\/\/schema.org","@graph":[{"@type":"Article","@id":"https:\/\/euroports.fi\/en\/uncategorized\/tiedote-tyonseisauksesta\/#article","isPartOf":{"@id":"https:\/\/euroports.fi\/en\/uncategorized\/tiedote-tyonseisauksesta\/"},"author":{"name":"Viola Juuso","@id":"https:\/\/euroports.fi\/en\/#\/schema\/person\/1a4b0c0893e447c80e5dbba4f43c9492"},"headline":"Poliittiset ty\u00f6nseisaukset jatkuvat","datePublished":"2024-03-28T07:29:10+00:00","dateModified":"2024-04-03T08:28:17+00:00","mainEntityOfPage":{"@id":"https:\/\/euroports.fi\/en\/uncategorized\/tiedote-tyonseisauksesta\/"},"wordCount":52,"commentCount":0,"publisher":{"@id":"https:\/\/euroports.fi\/en\/#organization"},"image":{"@id":"https:\/\/euroports.fi\/en\/uncategorized\/tiedote-tyonseisauksesta\/#primaryimage"},"thumbnailUrl":"https:\/\/euroports.fi\/wp-content\/uploads\/2023\/01\/Rekry_Container-e1709725228545.jpg","inLanguage":"en-US","potentialAction":[{"@type":"CommentAction","name":"Comment","target":["https:\/\/euroports.fi\/en\/uncategorized\/tiedote-tyonseisauksesta\/#respond"]}]},{"@type":"WebPage","@id":"https:\/\/euroports.fi\/en\/uncategorized\/tiedote-tyonseisauksesta\/","url":"https:\/\/euroports.fi\/en\/uncategorized\/tiedote-tyonseisauksesta\/","name":"Poliittiset ty\u00f6nseisaukset jatkuvat - Euroports Finland","isPartOf":{"@id":"https:\/\/euroports.fi\/en\/#website"},"primaryImageOfPage":{"@id":"https:\/\/euroports.fi\/en\/uncategorized\/tiedote-tyonseisauksesta\/#primaryimage"},"image":{"@id":"https:\/\/euroports.fi\/en\/uncategorized\/tiedote-tyonseisauksesta\/#primaryimage"},"thumbnailUrl":"https:\/\/euroports.fi\/wp-content\/uploads\/2023\/01\/Rekry_Container-e1709725228545.jpg","datePublished":"2024-03-28T07:29:10+00:00","dateModified":"2024-04-03T08:28:17+00:00","breadcrumb":{"@id":"https:\/\/euroports.fi\/en\/uncategorized\/tiedote-tyonseisauksesta\/#breadcrumb"},"inLanguage":"en-US","potentialAction":[{"@type":"ReadAction","target":["https:\/\/euroports.fi\/en\/uncategorized\/tiedote-tyonseisauksesta\/"]}]},{"@type":"ImageObject","inLanguage":"en-US","@id":"https:\/\/euroports.fi\/en\/uncategorized\/tiedote-tyonseisauksesta\/#primaryimage","url":"https:\/\/euroports.fi\/wp-content\/uploads\/2023\/01\/Rekry_Container-e1709725228545.jpg","contentUrl":"https:\/\/euroports.fi\/wp-content\/uploads\/2023\/01\/Rekry_Container-e1709725228545.jpg","width":2169,"height":777},{"@type":"BreadcrumbList","@id":"https:\/\/euroports.fi\/en\/uncategorized\/tiedote-tyonseisauksesta\/#breadcrumb","itemListElement":[{"@type":"ListItem","position":1,"name":"Home","item":"https:\/\/euroports.fi\/"},{"@type":"ListItem","position":2,"name":"Poliittiset ty\u00f6nseisaukset jatkuvat"}]},{"@type":"WebSite","@id":"https:\/\/euroports.fi\/en\/#website","url":"https:\/\/euroports.fi\/en\/","name":"Euroports Finland","description":"T\u00e4yden palvelun satamaoperaattori.","publisher":{"@id":"https:\/\/euroports.fi\/en\/#organization"},"potentialAction":[{"@type":"SearchAction","target":{"@type":"EntryPoint","urlTemplate":"https:\/\/euroports.fi\/en\/?s={search_term_string}"},"query-input":{"@type":"PropertyValueSpecification","valueRequired":true,"valueName":"search_term_string"}}],"inLanguage":"en-US"},{"@type":"Organization","@id":"https:\/\/euroports.fi\/en\/#organization","name":"Euroports Finland","url":"https:\/\/euroports.fi\/en\/","logo":{"@type":"ImageObject","inLanguage":"en-US","@id":"https:\/\/euroports.fi\/en\/#\/schema\/logo\/image\/","url":"https:\/\/euroports.fi\/wp-content\/uploads\/2022\/01\/cropped-euroports_logo.png","contentUrl":"https:\/\/euroports.fi\/wp-content\/uploads\/2022\/01\/cropped-euroports_logo.png","width":350,"height":100,"caption":"Euroports Finland"},"image":{"@id":"https:\/\/euroports.fi\/en\/#\/schema\/logo\/image\/"}},{"@type":"Person","@id":"https:\/\/euroports.fi\/en\/#\/schema\/person\/1a4b0c0893e447c80e5dbba4f43c9492","name":"Viola Juuso","image":{"@type":"ImageObject","inLanguage":"en-US","@id":"https:\/\/secure.gravatar.com\/avatar\/e50391ca51e3f417d0532ca37d5764c3fcee1110d6d9c4a1f55d67e5d6b1677c?s=96&d=mm&r=g","url":"https:\/\/secure.gravatar.com\/avatar\/e50391ca51e3f417d0532ca37d5764c3fcee1110d6d9c4a1f55d67e5d6b1677c?s=96&d=mm&r=g","contentUrl":"https:\/\/secure.gravatar.com\/avatar\/e50391ca51e3f417d0532ca37d5764c3fcee1110d6d9c4a1f55d67e5d6b1677c?s=96&d=mm&r=g","caption":"Viola Juuso"},"url":"https:\/\/euroports.fi\/en\/author\/viola-juusoeuroports-com\/"}]}},"_links":{"self":[{"href":"https:\/\/euroports.fi\/en\/wp-json\/wp\/v2\/posts\/5856","targetHints":{"allow":["GET"]}}],"collection":[{"href":"https:\/\/euroports.fi\/en\/wp-json\/wp\/v2\/posts"}],"about":[{"href":"https:\/\/euroports.fi\/en\/wp-json\/wp\/v2\/types\/post"}],"author":[{"embeddable":true,"href":"https:\/\/euroports.fi\/en\/wp-json\/wp\/v2\/users\/18"}],"replies":[{"embeddable":true,"href":"https:\/\/euroports.fi\/en\/wp-json\/wp\/v2\/comments?post=5856"}],"version-history":[{"count":21,"href":"https:\/\/euroports.fi\/en\/wp-json\/wp\/v2\/posts\/5856\/revisions"}],"predecessor-version":[{"id":5897,"href":"https:\/\/euroports.fi\/en\/wp-json\/wp\/v2\/posts\/5856\/revisions\/5897"}],"wp:featuredmedia":[{"embeddable":true,"href":"https:\/\/euroports.fi\/en\/wp-json\/wp\/v2\/media\/4997"}],"wp:attachment":[{"href":"https:\/\/euroports.fi\/en\/wp-json\/wp\/v2\/media?parent=5856"}],"wp:term":[{"taxonomy":"category","embeddable":true,"href":"https:\/\/euroports.fi\/en\/wp-json\/wp\/v2\/categories?post=5856"},{"taxonomy":"post_tag","embeddable":true,"href":"https:\/\/euroports.fi\/en\/wp-json\/wp\/v2\/tags?post=5856"}],"curies":[{"name":"wp","href":"https:\/\/api.w.org\/{rel}","templated":true}]}}