{"id":5086,"date":"2024-02-12T12:22:51","date_gmt":"2024-02-12T09:22:51","guid":{"rendered":"https:\/\/euroports.fi\/?p=5086"},"modified":"2024-02-12T12:22:57","modified_gmt":"2024-02-12T09:22:57","slug":"ahtausalan-lakko-paattyy","status":"publish","type":"post","link":"https:\/\/euroports.fi\/en\/uncategorized\/ahtausalan-lakko-paattyy\/","title":{"rendered":"Announcement of the strike 14.- 17.2.2024"},"content":{"rendered":"<div data-elementor-type=\"wp-post\" data-elementor-id=\"5086\" class=\"elementor elementor-5086\" data-elementor-post-type=\"post\">\n\t\t\t\t\t\t<section class=\"elementor-section elementor-top-section elementor-element elementor-element-7fbbfa97 elementor-section-boxed elementor-section-height-default elementor-section-height-default\" data-id=\"7fbbfa97\" data-element_type=\"section\" data-e-type=\"section\">\n\t\t\t\t\t\t<div class=\"elementor-container elementor-column-gap-default\">\n\t\t\t\t\t<div class=\"elementor-column elementor-col-100 elementor-top-column elementor-element elementor-element-757a947e\" data-id=\"757a947e\" data-element_type=\"column\" data-e-type=\"column\">\n\t\t\t<div class=\"elementor-widget-wrap elementor-element-populated\">\n\t\t\t\t\t\t<div class=\"elementor-element elementor-element-1537b090 elementor-widget elementor-widget-text-editor\" data-id=\"1537b090\" data-element_type=\"widget\" data-e-type=\"widget\" data-widget_type=\"text-editor.default\">\n\t\t\t\t<div class=\"elementor-widget-container\">\n\t\t\t\t\t\t\t\t\t<p><\/p>\n<p><\/p>\n<p><\/p>\n<p class=\"cvGsUA direction-ltr align-start para-style-body\"><span class=\"OYPEnA text-decoration-none text-strikethrough-none\">Finnish Transport Workers\u2019 Union AKT and Trade Union Pro have announced 72 hours of political strike.<\/span><\/p>\n<p class=\"cvGsUA direction-ltr align-start para-style-body\"><span class=\"OYPEnA text-decoration-none text-strikethrough-none\">Starting on Wednesday 14.2.2024 at 06.00 and ending on 17.2.2024 at 06.00.<\/span><\/p>\n<p class=\"cvGsUA direction-ltr align-start para-style-body\"><span class=\"OYPEnA text-decoration-none text-strikethrough-none\">All our operations will be affected and all Euroports Finland terminals will be closed during the strike.<\/span><\/p>\n<p class=\"cvGsUA direction-ltr align-start para-style-body\"><span class=\"OYPEnA text-decoration-none text-strikethrough-none\">For more information:<\/span><\/p>\n<p class=\"cvGsUA direction-ltr align-start para-style-body\"><strong><span class=\"OYPEnA text-decoration-none text-strikethrough-none\">Euroports Rauma<\/span><\/strong><\/p>\n<p class=\"cvGsUA direction-ltr align-start para-style-body\"><span class=\"OYPEnA text-decoration-none text-strikethrough-none\">\u2022 Breakbulk and Bulk-operation: Kari Jalonen, tel. +358 40 7203 309<\/span><\/p>\n<p class=\"cvGsUA direction-ltr align-start para-style-body\"><span class=\"OYPEnA text-decoration-none text-strikethrough-none\">Breakbulk terminal operation: Tuomas Saarnilahti, tel. +358 44 5016458<\/span><\/p>\n<p class=\"cvGsUA direction-ltr align-start para-style-body\"><span class=\"OYPEnA text-decoration-none text-strikethrough-none\">\u2022 Forwarding: Eeva-Kaisa Elonen, tel. +358 44 4213267<\/span><\/p>\n<p class=\"cvGsUA direction-ltr align-start para-style-body\"><span class=\"OYPEnA text-decoration-none text-strikethrough-none\">\u2022 Container operation: Aleksi Lahti, tel. +358 44 501 0591<\/span><\/p>\n<p class=\"cvGsUA direction-ltr align-start para-style-body\"><strong><span class=\"OYPEnA text-decoration-none text-strikethrough-none\">Euroports Hanko Oy<\/span><\/strong><\/p>\n<p class=\"cvGsUA direction-ltr align-start para-style-body\"><span class=\"OYPEnA text-decoration-none text-strikethrough-none\">\u2022 Antti Paronen, tel. +358 40 7701 1556<\/span><\/p>\n<p class=\"cvGsUA direction-ltr align-start para-style-body\"><strong><span class=\"OYPEnA text-decoration-none text-strikethrough-none\">Euroports Pietarsaari Ab<\/span><\/strong><\/p>\n<p class=\"cvGsUA direction-ltr align-start para-style-body\"><span class=\"OYPEnA text-decoration-none text-strikethrough-none\">\u2022 Pauli Rautiainen, tel. +358 40 585 2603<\/span><\/p>\n<p><\/p>\t\t\t\t\t\t\t\t<\/div>\n\t\t\t\t<\/div>\n\t\t\t\t\t<\/div>\n\t\t<\/div>\n\t\t\t\t\t<\/div>\n\t\t<\/section>\n\t\t\t\t<\/div>","protected":false},"excerpt":{"rendered":"<p>Auto- ja Kuljetusalan Ty\u00f6ntekij\u00e4liitto AKT Ry, sek\u00e4 ammattiliitto Pro ovat ilmoittaneet 72 tunnin pituisesta poliittisesta ty\u00f6taistelusta. Alkaen keskiviikkona 14.2.2024 klo 06.00 ja p\u00e4\u00e4ttyen 17.2.2024 klo 06.00. Lakot vaikuttavat kaikkiin toimintoihimme ja kaikki Euroports Finlandin terminaalit ovat suljettuina lakon ajan. Lis\u00e4tietoja asiasta: Euroports Rauma yhti\u00f6t \u2022 Breakbulk ja Bulk-operointi: Kari Jalonen, puh. +358 40 7203 309 [&hellip;]<\/p>\n","protected":false},"author":18,"featured_media":5010,"comment_status":"open","ping_status":"open","sticky":true,"template":"","format":"standard","meta":{"_acf_changed":false,"footnotes":""},"categories":[1],"tags":[],"class_list":["post-5086","post","type-post","status-publish","format-standard","has-post-thumbnail","hentry","category-uncategorized"],"acf":{"hide_featured_image":false,"separate_image":null},"yoast_head":"<!-- This site is optimized with the Yoast SEO plugin v27.5 - https:\/\/yoast.com\/product\/yoast-seo-wordpress\/ -->\n<title>Tiedote ty\u00f6nseisauksista 14.-17.2.2024 - Euroports Finland<\/title>\n<meta name=\"robots\" content=\"index, follow, max-snippet:-1, max-image-preview:large, max-video-preview:-1\" \/>\n<link rel=\"canonical\" href=\"https:\/\/euroports.fi\/en\/uncategorized\/ahtausalan-lakko-paattyy\/\" \/>\n<meta property=\"og:locale\" content=\"en_US\" \/>\n<meta property=\"og:type\" content=\"article\" \/>\n<meta property=\"og:title\" content=\"Tiedote ty\u00f6nseisauksista 14.-17.2.2024 - Euroports Finland\" \/>\n<meta property=\"og:description\" content=\"Auto- ja Kuljetusalan Ty\u00f6ntekij\u00e4liitto AKT Ry, sek\u00e4 ammattiliitto Pro ovat ilmoittaneet 72 tunnin pituisesta poliittisesta ty\u00f6taistelusta. Alkaen keskiviikkona 14.2.2024 klo 06.00 ja p\u00e4\u00e4ttyen 17.2.2024 klo 06.00. Lakot vaikuttavat kaikkiin toimintoihimme ja kaikki Euroports Finlandin terminaalit ovat suljettuina lakon ajan. Lis\u00e4tietoja asiasta: Euroports Rauma yhti\u00f6t \u2022 Breakbulk ja Bulk-operointi: Kari Jalonen, puh. +358 40 7203 309 [&hellip;]\" \/>\n<meta property=\"og:url\" content=\"https:\/\/euroports.fi\/en\/uncategorized\/ahtausalan-lakko-paattyy\/\" \/>\n<meta property=\"og:site_name\" content=\"Euroports Finland\" \/>\n<meta property=\"article:published_time\" content=\"2024-02-12T09:22:51+00:00\" \/>\n<meta property=\"article:modified_time\" content=\"2024-02-12T09:22:57+00:00\" \/>\n<meta property=\"og:image\" content=\"https:\/\/euroports.fi\/wp-content\/uploads\/2023\/01\/IMGP0298-1024x831.jpg\" \/>\n\t<meta property=\"og:image:width\" content=\"1024\" \/>\n\t<meta property=\"og:image:height\" content=\"831\" \/>\n\t<meta property=\"og:image:type\" content=\"image\/jpeg\" \/>\n<meta name=\"author\" content=\"Viola Juuso\" \/>\n<meta name=\"twitter:card\" content=\"summary_large_image\" \/>\n<meta name=\"twitter:label1\" content=\"Written by\" \/>\n\t<meta name=\"twitter:data1\" content=\"Viola Juuso\" \/>\n\t<meta name=\"twitter:label2\" content=\"Est. reading time\" \/>\n\t<meta name=\"twitter:data2\" content=\"1 minute\" \/>\n<script type=\"application\/ld+json\" class=\"yoast-schema-graph\">{\"@context\":\"https:\\\/\\\/schema.org\",\"@graph\":[{\"@type\":\"Article\",\"@id\":\"https:\\\/\\\/euroports.fi\\\/en\\\/uncategorized\\\/ahtausalan-lakko-paattyy\\\/#article\",\"isPartOf\":{\"@id\":\"https:\\\/\\\/euroports.fi\\\/en\\\/uncategorized\\\/ahtausalan-lakko-paattyy\\\/\"},\"author\":{\"name\":\"Viola Juuso\",\"@id\":\"https:\\\/\\\/euroports.fi\\\/en\\\/#\\\/schema\\\/person\\\/1a4b0c0893e447c80e5dbba4f43c9492\"},\"headline\":\"Tiedote ty\u00f6nseisauksista 14.-17.2.2024\",\"datePublished\":\"2024-02-12T09:22:51+00:00\",\"dateModified\":\"2024-02-12T09:22:57+00:00\",\"mainEntityOfPage\":{\"@id\":\"https:\\\/\\\/euroports.fi\\\/en\\\/uncategorized\\\/ahtausalan-lakko-paattyy\\\/\"},\"wordCount\":82,\"commentCount\":0,\"publisher\":{\"@id\":\"https:\\\/\\\/euroports.fi\\\/en\\\/#organization\"},\"image\":{\"@id\":\"https:\\\/\\\/euroports.fi\\\/en\\\/uncategorized\\\/ahtausalan-lakko-paattyy\\\/#primaryimage\"},\"thumbnailUrl\":\"https:\\\/\\\/euroports.fi\\\/wp-content\\\/uploads\\\/2023\\\/01\\\/IMGP0298.jpg\",\"inLanguage\":\"en-US\",\"potentialAction\":[{\"@type\":\"CommentAction\",\"name\":\"Comment\",\"target\":[\"https:\\\/\\\/euroports.fi\\\/en\\\/uncategorized\\\/ahtausalan-lakko-paattyy\\\/#respond\"]}]},{\"@type\":\"WebPage\",\"@id\":\"https:\\\/\\\/euroports.fi\\\/en\\\/uncategorized\\\/ahtausalan-lakko-paattyy\\\/\",\"url\":\"https:\\\/\\\/euroports.fi\\\/en\\\/uncategorized\\\/ahtausalan-lakko-paattyy\\\/\",\"name\":\"Tiedote ty\u00f6nseisauksista 14.-17.2.2024 - Euroports Finland\",\"isPartOf\":{\"@id\":\"https:\\\/\\\/euroports.fi\\\/en\\\/#website\"},\"primaryImageOfPage\":{\"@id\":\"https:\\\/\\\/euroports.fi\\\/en\\\/uncategorized\\\/ahtausalan-lakko-paattyy\\\/#primaryimage\"},\"image\":{\"@id\":\"https:\\\/\\\/euroports.fi\\\/en\\\/uncategorized\\\/ahtausalan-lakko-paattyy\\\/#primaryimage\"},\"thumbnailUrl\":\"https:\\\/\\\/euroports.fi\\\/wp-content\\\/uploads\\\/2023\\\/01\\\/IMGP0298.jpg\",\"datePublished\":\"2024-02-12T09:22:51+00:00\",\"dateModified\":\"2024-02-12T09:22:57+00:00\",\"breadcrumb\":{\"@id\":\"https:\\\/\\\/euroports.fi\\\/en\\\/uncategorized\\\/ahtausalan-lakko-paattyy\\\/#breadcrumb\"},\"inLanguage\":\"en-US\",\"potentialAction\":[{\"@type\":\"ReadAction\",\"target\":[\"https:\\\/\\\/euroports.fi\\\/en\\\/uncategorized\\\/ahtausalan-lakko-paattyy\\\/\"]}]},{\"@type\":\"ImageObject\",\"inLanguage\":\"en-US\",\"@id\":\"https:\\\/\\\/euroports.fi\\\/en\\\/uncategorized\\\/ahtausalan-lakko-paattyy\\\/#primaryimage\",\"url\":\"https:\\\/\\\/euroports.fi\\\/wp-content\\\/uploads\\\/2023\\\/01\\\/IMGP0298.jpg\",\"contentUrl\":\"https:\\\/\\\/euroports.fi\\\/wp-content\\\/uploads\\\/2023\\\/01\\\/IMGP0298.jpg\",\"width\":2000,\"height\":1624},{\"@type\":\"BreadcrumbList\",\"@id\":\"https:\\\/\\\/euroports.fi\\\/en\\\/uncategorized\\\/ahtausalan-lakko-paattyy\\\/#breadcrumb\",\"itemListElement\":[{\"@type\":\"ListItem\",\"position\":1,\"name\":\"Home\",\"item\":\"https:\\\/\\\/euroports.fi\\\/\"},{\"@type\":\"ListItem\",\"position\":2,\"name\":\"Tiedote ty\u00f6nseisauksista 14.-17.2.2024\"}]},{\"@type\":\"WebSite\",\"@id\":\"https:\\\/\\\/euroports.fi\\\/en\\\/#website\",\"url\":\"https:\\\/\\\/euroports.fi\\\/en\\\/\",\"name\":\"Euroports Finland\",\"description\":\"T\u00e4yden palvelun satamaoperaattori.\",\"publisher\":{\"@id\":\"https:\\\/\\\/euroports.fi\\\/en\\\/#organization\"},\"potentialAction\":[{\"@type\":\"SearchAction\",\"target\":{\"@type\":\"EntryPoint\",\"urlTemplate\":\"https:\\\/\\\/euroports.fi\\\/en\\\/?s={search_term_string}\"},\"query-input\":{\"@type\":\"PropertyValueSpecification\",\"valueRequired\":true,\"valueName\":\"search_term_string\"}}],\"inLanguage\":\"en-US\"},{\"@type\":\"Organization\",\"@id\":\"https:\\\/\\\/euroports.fi\\\/en\\\/#organization\",\"name\":\"Euroports Finland\",\"url\":\"https:\\\/\\\/euroports.fi\\\/en\\\/\",\"logo\":{\"@type\":\"ImageObject\",\"inLanguage\":\"en-US\",\"@id\":\"https:\\\/\\\/euroports.fi\\\/en\\\/#\\\/schema\\\/logo\\\/image\\\/\",\"url\":\"https:\\\/\\\/euroports.fi\\\/wp-content\\\/uploads\\\/2022\\\/01\\\/cropped-euroports_logo.png\",\"contentUrl\":\"https:\\\/\\\/euroports.fi\\\/wp-content\\\/uploads\\\/2022\\\/01\\\/cropped-euroports_logo.png\",\"width\":350,\"height\":100,\"caption\":\"Euroports Finland\"},\"image\":{\"@id\":\"https:\\\/\\\/euroports.fi\\\/en\\\/#\\\/schema\\\/logo\\\/image\\\/\"}},{\"@type\":\"Person\",\"@id\":\"https:\\\/\\\/euroports.fi\\\/en\\\/#\\\/schema\\\/person\\\/1a4b0c0893e447c80e5dbba4f43c9492\",\"name\":\"Viola Juuso\",\"image\":{\"@type\":\"ImageObject\",\"inLanguage\":\"en-US\",\"@id\":\"https:\\\/\\\/secure.gravatar.com\\\/avatar\\\/e50391ca51e3f417d0532ca37d5764c3fcee1110d6d9c4a1f55d67e5d6b1677c?s=96&d=mm&r=g\",\"url\":\"https:\\\/\\\/secure.gravatar.com\\\/avatar\\\/e50391ca51e3f417d0532ca37d5764c3fcee1110d6d9c4a1f55d67e5d6b1677c?s=96&d=mm&r=g\",\"contentUrl\":\"https:\\\/\\\/secure.gravatar.com\\\/avatar\\\/e50391ca51e3f417d0532ca37d5764c3fcee1110d6d9c4a1f55d67e5d6b1677c?s=96&d=mm&r=g\",\"caption\":\"Viola Juuso\"},\"url\":\"https:\\\/\\\/euroports.fi\\\/en\\\/author\\\/viola-juusoeuroports-com\\\/\"}]}<\/script>\n<!-- \/ Yoast SEO plugin. -->","yoast_head_json":{"title":"Tiedote ty\u00f6nseisauksista 14.-17.2.2024 - Euroports Finland","robots":{"index":"index","follow":"follow","max-snippet":"max-snippet:-1","max-image-preview":"max-image-preview:large","max-video-preview":"max-video-preview:-1"},"canonical":"https:\/\/euroports.fi\/en\/uncategorized\/ahtausalan-lakko-paattyy\/","og_locale":"en_US","og_type":"article","og_title":"Tiedote ty\u00f6nseisauksista 14.-17.2.2024 - Euroports Finland","og_description":"Auto- ja Kuljetusalan Ty\u00f6ntekij\u00e4liitto AKT Ry, sek\u00e4 ammattiliitto Pro ovat ilmoittaneet 72 tunnin pituisesta poliittisesta ty\u00f6taistelusta. Alkaen keskiviikkona 14.2.2024 klo 06.00 ja p\u00e4\u00e4ttyen 17.2.2024 klo 06.00. Lakot vaikuttavat kaikkiin toimintoihimme ja kaikki Euroports Finlandin terminaalit ovat suljettuina lakon ajan. Lis\u00e4tietoja asiasta: Euroports Rauma yhti\u00f6t \u2022 Breakbulk ja Bulk-operointi: Kari Jalonen, puh. +358 40 7203 309 [&hellip;]","og_url":"https:\/\/euroports.fi\/en\/uncategorized\/ahtausalan-lakko-paattyy\/","og_site_name":"Euroports Finland","article_published_time":"2024-02-12T09:22:51+00:00","article_modified_time":"2024-02-12T09:22:57+00:00","og_image":[{"width":1024,"height":831,"url":"https:\/\/euroports.fi\/wp-content\/uploads\/2023\/01\/IMGP0298-1024x831.jpg","type":"image\/jpeg"}],"author":"Viola Juuso","twitter_card":"summary_large_image","twitter_misc":{"Written by":"Viola Juuso","Est. reading time":"1 minute"},"schema":{"@context":"https:\/\/schema.org","@graph":[{"@type":"Article","@id":"https:\/\/euroports.fi\/en\/uncategorized\/ahtausalan-lakko-paattyy\/#article","isPartOf":{"@id":"https:\/\/euroports.fi\/en\/uncategorized\/ahtausalan-lakko-paattyy\/"},"author":{"name":"Viola Juuso","@id":"https:\/\/euroports.fi\/en\/#\/schema\/person\/1a4b0c0893e447c80e5dbba4f43c9492"},"headline":"Tiedote ty\u00f6nseisauksista 14.-17.2.2024","datePublished":"2024-02-12T09:22:51+00:00","dateModified":"2024-02-12T09:22:57+00:00","mainEntityOfPage":{"@id":"https:\/\/euroports.fi\/en\/uncategorized\/ahtausalan-lakko-paattyy\/"},"wordCount":82,"commentCount":0,"publisher":{"@id":"https:\/\/euroports.fi\/en\/#organization"},"image":{"@id":"https:\/\/euroports.fi\/en\/uncategorized\/ahtausalan-lakko-paattyy\/#primaryimage"},"thumbnailUrl":"https:\/\/euroports.fi\/wp-content\/uploads\/2023\/01\/IMGP0298.jpg","inLanguage":"en-US","potentialAction":[{"@type":"CommentAction","name":"Comment","target":["https:\/\/euroports.fi\/en\/uncategorized\/ahtausalan-lakko-paattyy\/#respond"]}]},{"@type":"WebPage","@id":"https:\/\/euroports.fi\/en\/uncategorized\/ahtausalan-lakko-paattyy\/","url":"https:\/\/euroports.fi\/en\/uncategorized\/ahtausalan-lakko-paattyy\/","name":"Tiedote ty\u00f6nseisauksista 14.-17.2.2024 - Euroports Finland","isPartOf":{"@id":"https:\/\/euroports.fi\/en\/#website"},"primaryImageOfPage":{"@id":"https:\/\/euroports.fi\/en\/uncategorized\/ahtausalan-lakko-paattyy\/#primaryimage"},"image":{"@id":"https:\/\/euroports.fi\/en\/uncategorized\/ahtausalan-lakko-paattyy\/#primaryimage"},"thumbnailUrl":"https:\/\/euroports.fi\/wp-content\/uploads\/2023\/01\/IMGP0298.jpg","datePublished":"2024-02-12T09:22:51+00:00","dateModified":"2024-02-12T09:22:57+00:00","breadcrumb":{"@id":"https:\/\/euroports.fi\/en\/uncategorized\/ahtausalan-lakko-paattyy\/#breadcrumb"},"inLanguage":"en-US","potentialAction":[{"@type":"ReadAction","target":["https:\/\/euroports.fi\/en\/uncategorized\/ahtausalan-lakko-paattyy\/"]}]},{"@type":"ImageObject","inLanguage":"en-US","@id":"https:\/\/euroports.fi\/en\/uncategorized\/ahtausalan-lakko-paattyy\/#primaryimage","url":"https:\/\/euroports.fi\/wp-content\/uploads\/2023\/01\/IMGP0298.jpg","contentUrl":"https:\/\/euroports.fi\/wp-content\/uploads\/2023\/01\/IMGP0298.jpg","width":2000,"height":1624},{"@type":"BreadcrumbList","@id":"https:\/\/euroports.fi\/en\/uncategorized\/ahtausalan-lakko-paattyy\/#breadcrumb","itemListElement":[{"@type":"ListItem","position":1,"name":"Home","item":"https:\/\/euroports.fi\/"},{"@type":"ListItem","position":2,"name":"Tiedote ty\u00f6nseisauksista 14.-17.2.2024"}]},{"@type":"WebSite","@id":"https:\/\/euroports.fi\/en\/#website","url":"https:\/\/euroports.fi\/en\/","name":"Euroports Finland","description":"T\u00e4yden palvelun satamaoperaattori.","publisher":{"@id":"https:\/\/euroports.fi\/en\/#organization"},"potentialAction":[{"@type":"SearchAction","target":{"@type":"EntryPoint","urlTemplate":"https:\/\/euroports.fi\/en\/?s={search_term_string}"},"query-input":{"@type":"PropertyValueSpecification","valueRequired":true,"valueName":"search_term_string"}}],"inLanguage":"en-US"},{"@type":"Organization","@id":"https:\/\/euroports.fi\/en\/#organization","name":"Euroports Finland","url":"https:\/\/euroports.fi\/en\/","logo":{"@type":"ImageObject","inLanguage":"en-US","@id":"https:\/\/euroports.fi\/en\/#\/schema\/logo\/image\/","url":"https:\/\/euroports.fi\/wp-content\/uploads\/2022\/01\/cropped-euroports_logo.png","contentUrl":"https:\/\/euroports.fi\/wp-content\/uploads\/2022\/01\/cropped-euroports_logo.png","width":350,"height":100,"caption":"Euroports Finland"},"image":{"@id":"https:\/\/euroports.fi\/en\/#\/schema\/logo\/image\/"}},{"@type":"Person","@id":"https:\/\/euroports.fi\/en\/#\/schema\/person\/1a4b0c0893e447c80e5dbba4f43c9492","name":"Viola Juuso","image":{"@type":"ImageObject","inLanguage":"en-US","@id":"https:\/\/secure.gravatar.com\/avatar\/e50391ca51e3f417d0532ca37d5764c3fcee1110d6d9c4a1f55d67e5d6b1677c?s=96&d=mm&r=g","url":"https:\/\/secure.gravatar.com\/avatar\/e50391ca51e3f417d0532ca37d5764c3fcee1110d6d9c4a1f55d67e5d6b1677c?s=96&d=mm&r=g","contentUrl":"https:\/\/secure.gravatar.com\/avatar\/e50391ca51e3f417d0532ca37d5764c3fcee1110d6d9c4a1f55d67e5d6b1677c?s=96&d=mm&r=g","caption":"Viola Juuso"},"url":"https:\/\/euroports.fi\/en\/author\/viola-juusoeuroports-com\/"}]}},"_links":{"self":[{"href":"https:\/\/euroports.fi\/en\/wp-json\/wp\/v2\/posts\/5086","targetHints":{"allow":["GET"]}}],"collection":[{"href":"https:\/\/euroports.fi\/en\/wp-json\/wp\/v2\/posts"}],"about":[{"href":"https:\/\/euroports.fi\/en\/wp-json\/wp\/v2\/types\/post"}],"author":[{"embeddable":true,"href":"https:\/\/euroports.fi\/en\/wp-json\/wp\/v2\/users\/18"}],"replies":[{"embeddable":true,"href":"https:\/\/euroports.fi\/en\/wp-json\/wp\/v2\/comments?post=5086"}],"version-history":[{"count":17,"href":"https:\/\/euroports.fi\/en\/wp-json\/wp\/v2\/posts\/5086\/revisions"}],"predecessor-version":[{"id":5850,"href":"https:\/\/euroports.fi\/en\/wp-json\/wp\/v2\/posts\/5086\/revisions\/5850"}],"wp:featuredmedia":[{"embeddable":true,"href":"https:\/\/euroports.fi\/en\/wp-json\/wp\/v2\/media\/5010"}],"wp:attachment":[{"href":"https:\/\/euroports.fi\/en\/wp-json\/wp\/v2\/media?parent=5086"}],"wp:term":[{"taxonomy":"category","embeddable":true,"href":"https:\/\/euroports.fi\/en\/wp-json\/wp\/v2\/categories?post=5086"},{"taxonomy":"post_tag","embeddable":true,"href":"https:\/\/euroports.fi\/en\/wp-json\/wp\/v2\/tags?post=5086"}],"curies":[{"name":"wp","href":"https:\/\/api.w.org\/{rel}","templated":true}]}}