{"id":5002,"date":"2023-01-18T16:09:54","date_gmt":"2023-01-18T13:09:54","guid":{"rendered":"https:\/\/euroports.fi\/?p=5002"},"modified":"2023-01-18T16:15:09","modified_gmt":"2023-01-18T13:15:09","slug":"ensimmainen-tuulivoimakuljetus-saapui-pietarsaaren-satamaan","status":"publish","type":"post","link":"https:\/\/euroports.fi\/en\/uncategorized\/ensimmainen-tuulivoimakuljetus-saapui-pietarsaaren-satamaan\/","title":{"rendered":"The first wind energy transport arrived in the Port of Pietarsaari"},"content":{"rendered":"<p>Energy independence is now being sought across Europe and wind power projects are being built at a record pace in Finland. Euroports is strongly involved in the change. \u201cOur strategy is to support environmentally friendly energy production solutions, such as the new wind energy project in Pietarsaari\u201d, says Petteri Sammalisto, Commercial Director of Euroports Finland.<\/p>\n\n\n\n<p>Alternative energy is an important commodity for Euroports. We have more than 15 years of experience in handling and storing wind turbines in Rostock, Germany. Euroports France and the floating wind turbines in Port-La Nouvelle are an essential part of the development of a green electricity strategy of France. <a><\/a>.<\/p>","protected":false},"excerpt":{"rendered":"<p>Energiaomavaraisuutta tavoitellaan nyt koko Euroopassa ja tuulivoimahankkeita rakennetaan Suomessa enn\u00e4tysvauhtia. Euroports on vahvasti mukana muutoksessa. &#8221;Strategiamme on tukea ymp\u00e4rist\u00f6yst\u00e4v\u00e4llisten energiantuotannon ratkaisuja, kuten uusi tuulivoimalaprojekti Pietarsaaressa&#8221;, sanoo Euroports Finlandin kaupallinen johtaja Petteri Sammalisto. Vaihtoehtoinen energia on Europortsille t\u00e4rke\u00e4 hy\u00f6dyke. Meill\u00e4 on yli 15 vuoden kokemus tuuliturbiinien k\u00e4sittelyst\u00e4 ja varastoinnista Rostockissa, Saksassa. Euroports France ja Port-La Nouvellen [&hellip;]<\/p>\n","protected":false},"author":11,"featured_media":5006,"comment_status":"open","ping_status":"open","sticky":false,"template":"","format":"standard","meta":{"_acf_changed":false,"footnotes":""},"categories":[1],"tags":[27,24,57,58,59],"class_list":["post-5002","post","type-post","status-publish","format-standard","has-post-thumbnail","hentry","category-uncategorized","tag-euroports","tag-euroports-finland","tag-pietarsaari","tag-tuulivoima","tag-tuulivoimala"],"acf":{"hide_featured_image":false,"separate_image":null},"yoast_head":"<!-- This site is optimized with the Yoast SEO plugin v27.5 - https:\/\/yoast.com\/product\/yoast-seo-wordpress\/ -->\n<title>Ensimm\u00e4inen tuulivoimakuljetus saapui Pietarsaaren satamaan - Euroports Finland<\/title>\n<meta name=\"robots\" content=\"index, follow, max-snippet:-1, max-image-preview:large, max-video-preview:-1\" \/>\n<link rel=\"canonical\" href=\"https:\/\/euroports.fi\/en\/uncategorized\/ensimmainen-tuulivoimakuljetus-saapui-pietarsaaren-satamaan\/\" \/>\n<meta property=\"og:locale\" content=\"en_US\" \/>\n<meta property=\"og:type\" content=\"article\" \/>\n<meta property=\"og:title\" content=\"Ensimm\u00e4inen tuulivoimakuljetus saapui Pietarsaaren satamaan - Euroports Finland\" \/>\n<meta property=\"og:description\" content=\"Energiaomavaraisuutta tavoitellaan nyt koko Euroopassa ja tuulivoimahankkeita rakennetaan Suomessa enn\u00e4tysvauhtia. Euroports on vahvasti mukana muutoksessa. &#8221;Strategiamme on tukea ymp\u00e4rist\u00f6yst\u00e4v\u00e4llisten energiantuotannon ratkaisuja, kuten uusi tuulivoimalaprojekti Pietarsaaressa&#8221;, sanoo Euroports Finlandin kaupallinen johtaja Petteri Sammalisto. Vaihtoehtoinen energia on Europortsille t\u00e4rke\u00e4 hy\u00f6dyke. Meill\u00e4 on yli 15 vuoden kokemus tuuliturbiinien k\u00e4sittelyst\u00e4 ja varastoinnista Rostockissa, Saksassa. Euroports France ja Port-La Nouvellen [&hellip;]\" \/>\n<meta property=\"og:url\" content=\"https:\/\/euroports.fi\/en\/uncategorized\/ensimmainen-tuulivoimakuljetus-saapui-pietarsaaren-satamaan\/\" \/>\n<meta property=\"og:site_name\" content=\"Euroports Finland\" \/>\n<meta property=\"article:published_time\" content=\"2023-01-18T13:09:54+00:00\" \/>\n<meta property=\"article:modified_time\" content=\"2023-01-18T13:15:09+00:00\" \/>\n<meta property=\"og:image\" content=\"https:\/\/euroports.fi\/wp-content\/uploads\/2023\/01\/Tuulivoima-scaled.jpg\" \/>\n\t<meta property=\"og:image:width\" content=\"2560\" \/>\n\t<meta property=\"og:image:height\" content=\"575\" \/>\n\t<meta property=\"og:image:type\" content=\"image\/jpeg\" \/>\n<meta name=\"author\" content=\"Marika Pulliainen\" \/>\n<meta name=\"twitter:card\" content=\"summary_large_image\" \/>\n<meta name=\"twitter:label1\" content=\"Written by\" \/>\n\t<meta name=\"twitter:data1\" content=\"Marika Pulliainen\" \/>\n<script type=\"application\/ld+json\" class=\"yoast-schema-graph\">{\"@context\":\"https:\\\/\\\/schema.org\",\"@graph\":[{\"@type\":\"Article\",\"@id\":\"https:\\\/\\\/euroports.fi\\\/uncategorized\\\/ensimmainen-tuulivoimakuljetus-saapui-pietarsaaren-satamaan\\\/#article\",\"isPartOf\":{\"@id\":\"https:\\\/\\\/euroports.fi\\\/uncategorized\\\/ensimmainen-tuulivoimakuljetus-saapui-pietarsaaren-satamaan\\\/\"},\"author\":{\"name\":\"Marika Pulliainen\",\"@id\":\"https:\\\/\\\/euroports.fi\\\/en\\\/#\\\/schema\\\/person\\\/85ce969c64de5ded9bba2bfe2ef7d86d\"},\"headline\":\"Ensimm\u00e4inen tuulivoimakuljetus saapui Pietarsaaren satamaan\",\"datePublished\":\"2023-01-18T13:09:54+00:00\",\"dateModified\":\"2023-01-18T13:15:09+00:00\",\"mainEntityOfPage\":{\"@id\":\"https:\\\/\\\/euroports.fi\\\/uncategorized\\\/ensimmainen-tuulivoimakuljetus-saapui-pietarsaaren-satamaan\\\/\"},\"wordCount\":81,\"commentCount\":0,\"publisher\":{\"@id\":\"https:\\\/\\\/euroports.fi\\\/en\\\/#organization\"},\"image\":{\"@id\":\"https:\\\/\\\/euroports.fi\\\/uncategorized\\\/ensimmainen-tuulivoimakuljetus-saapui-pietarsaaren-satamaan\\\/#primaryimage\"},\"thumbnailUrl\":\"https:\\\/\\\/euroports.fi\\\/wp-content\\\/uploads\\\/2023\\\/01\\\/Tuulivoima-scaled.jpg\",\"keywords\":[\"Euroports\",\"Euroports Finland\",\"Pietarsaari\",\"tuulivoima\",\"tuulivoimala\"],\"inLanguage\":\"en-US\",\"potentialAction\":[{\"@type\":\"CommentAction\",\"name\":\"Comment\",\"target\":[\"https:\\\/\\\/euroports.fi\\\/uncategorized\\\/ensimmainen-tuulivoimakuljetus-saapui-pietarsaaren-satamaan\\\/#respond\"]}]},{\"@type\":\"WebPage\",\"@id\":\"https:\\\/\\\/euroports.fi\\\/uncategorized\\\/ensimmainen-tuulivoimakuljetus-saapui-pietarsaaren-satamaan\\\/\",\"url\":\"https:\\\/\\\/euroports.fi\\\/uncategorized\\\/ensimmainen-tuulivoimakuljetus-saapui-pietarsaaren-satamaan\\\/\",\"name\":\"Ensimm\u00e4inen tuulivoimakuljetus saapui Pietarsaaren satamaan - Euroports Finland\",\"isPartOf\":{\"@id\":\"https:\\\/\\\/euroports.fi\\\/en\\\/#website\"},\"primaryImageOfPage\":{\"@id\":\"https:\\\/\\\/euroports.fi\\\/uncategorized\\\/ensimmainen-tuulivoimakuljetus-saapui-pietarsaaren-satamaan\\\/#primaryimage\"},\"image\":{\"@id\":\"https:\\\/\\\/euroports.fi\\\/uncategorized\\\/ensimmainen-tuulivoimakuljetus-saapui-pietarsaaren-satamaan\\\/#primaryimage\"},\"thumbnailUrl\":\"https:\\\/\\\/euroports.fi\\\/wp-content\\\/uploads\\\/2023\\\/01\\\/Tuulivoima-scaled.jpg\",\"datePublished\":\"2023-01-18T13:09:54+00:00\",\"dateModified\":\"2023-01-18T13:15:09+00:00\",\"breadcrumb\":{\"@id\":\"https:\\\/\\\/euroports.fi\\\/uncategorized\\\/ensimmainen-tuulivoimakuljetus-saapui-pietarsaaren-satamaan\\\/#breadcrumb\"},\"inLanguage\":\"en-US\",\"potentialAction\":[{\"@type\":\"ReadAction\",\"target\":[\"https:\\\/\\\/euroports.fi\\\/uncategorized\\\/ensimmainen-tuulivoimakuljetus-saapui-pietarsaaren-satamaan\\\/\"]}]},{\"@type\":\"ImageObject\",\"inLanguage\":\"en-US\",\"@id\":\"https:\\\/\\\/euroports.fi\\\/uncategorized\\\/ensimmainen-tuulivoimakuljetus-saapui-pietarsaaren-satamaan\\\/#primaryimage\",\"url\":\"https:\\\/\\\/euroports.fi\\\/wp-content\\\/uploads\\\/2023\\\/01\\\/Tuulivoima-scaled.jpg\",\"contentUrl\":\"https:\\\/\\\/euroports.fi\\\/wp-content\\\/uploads\\\/2023\\\/01\\\/Tuulivoima-scaled.jpg\",\"width\":2560,\"height\":575},{\"@type\":\"BreadcrumbList\",\"@id\":\"https:\\\/\\\/euroports.fi\\\/uncategorized\\\/ensimmainen-tuulivoimakuljetus-saapui-pietarsaaren-satamaan\\\/#breadcrumb\",\"itemListElement\":[{\"@type\":\"ListItem\",\"position\":1,\"name\":\"Home\",\"item\":\"https:\\\/\\\/euroports.fi\\\/\"},{\"@type\":\"ListItem\",\"position\":2,\"name\":\"Ensimm\u00e4inen tuulivoimakuljetus saapui Pietarsaaren satamaan\"}]},{\"@type\":\"WebSite\",\"@id\":\"https:\\\/\\\/euroports.fi\\\/en\\\/#website\",\"url\":\"https:\\\/\\\/euroports.fi\\\/en\\\/\",\"name\":\"Euroports Finland\",\"description\":\"T\u00e4yden palvelun satamaoperaattori.\",\"publisher\":{\"@id\":\"https:\\\/\\\/euroports.fi\\\/en\\\/#organization\"},\"potentialAction\":[{\"@type\":\"SearchAction\",\"target\":{\"@type\":\"EntryPoint\",\"urlTemplate\":\"https:\\\/\\\/euroports.fi\\\/en\\\/?s={search_term_string}\"},\"query-input\":{\"@type\":\"PropertyValueSpecification\",\"valueRequired\":true,\"valueName\":\"search_term_string\"}}],\"inLanguage\":\"en-US\"},{\"@type\":\"Organization\",\"@id\":\"https:\\\/\\\/euroports.fi\\\/en\\\/#organization\",\"name\":\"Euroports Finland\",\"url\":\"https:\\\/\\\/euroports.fi\\\/en\\\/\",\"logo\":{\"@type\":\"ImageObject\",\"inLanguage\":\"en-US\",\"@id\":\"https:\\\/\\\/euroports.fi\\\/en\\\/#\\\/schema\\\/logo\\\/image\\\/\",\"url\":\"https:\\\/\\\/euroports.fi\\\/wp-content\\\/uploads\\\/2022\\\/01\\\/cropped-euroports_logo.png\",\"contentUrl\":\"https:\\\/\\\/euroports.fi\\\/wp-content\\\/uploads\\\/2022\\\/01\\\/cropped-euroports_logo.png\",\"width\":350,\"height\":100,\"caption\":\"Euroports Finland\"},\"image\":{\"@id\":\"https:\\\/\\\/euroports.fi\\\/en\\\/#\\\/schema\\\/logo\\\/image\\\/\"}},{\"@type\":\"Person\",\"@id\":\"https:\\\/\\\/euroports.fi\\\/en\\\/#\\\/schema\\\/person\\\/85ce969c64de5ded9bba2bfe2ef7d86d\",\"name\":\"Marika Pulliainen\",\"image\":{\"@type\":\"ImageObject\",\"inLanguage\":\"en-US\",\"@id\":\"https:\\\/\\\/secure.gravatar.com\\\/avatar\\\/8e34019bb99780482ae2a9716043c2ee6e934f7ea01db37d055e68cc4ac38a77?s=96&d=mm&r=g\",\"url\":\"https:\\\/\\\/secure.gravatar.com\\\/avatar\\\/8e34019bb99780482ae2a9716043c2ee6e934f7ea01db37d055e68cc4ac38a77?s=96&d=mm&r=g\",\"contentUrl\":\"https:\\\/\\\/secure.gravatar.com\\\/avatar\\\/8e34019bb99780482ae2a9716043c2ee6e934f7ea01db37d055e68cc4ac38a77?s=96&d=mm&r=g\",\"caption\":\"Marika Pulliainen\"},\"url\":\"https:\\\/\\\/euroports.fi\\\/en\\\/author\\\/marika\\\/\"}]}<\/script>\n<!-- \/ Yoast SEO plugin. -->","yoast_head_json":{"title":"Ensimm\u00e4inen tuulivoimakuljetus saapui Pietarsaaren satamaan - Euroports Finland","robots":{"index":"index","follow":"follow","max-snippet":"max-snippet:-1","max-image-preview":"max-image-preview:large","max-video-preview":"max-video-preview:-1"},"canonical":"https:\/\/euroports.fi\/en\/uncategorized\/ensimmainen-tuulivoimakuljetus-saapui-pietarsaaren-satamaan\/","og_locale":"en_US","og_type":"article","og_title":"Ensimm\u00e4inen tuulivoimakuljetus saapui Pietarsaaren satamaan - Euroports Finland","og_description":"Energiaomavaraisuutta tavoitellaan nyt koko Euroopassa ja tuulivoimahankkeita rakennetaan Suomessa enn\u00e4tysvauhtia. Euroports on vahvasti mukana muutoksessa. &#8221;Strategiamme on tukea ymp\u00e4rist\u00f6yst\u00e4v\u00e4llisten energiantuotannon ratkaisuja, kuten uusi tuulivoimalaprojekti Pietarsaaressa&#8221;, sanoo Euroports Finlandin kaupallinen johtaja Petteri Sammalisto. Vaihtoehtoinen energia on Europortsille t\u00e4rke\u00e4 hy\u00f6dyke. Meill\u00e4 on yli 15 vuoden kokemus tuuliturbiinien k\u00e4sittelyst\u00e4 ja varastoinnista Rostockissa, Saksassa. Euroports France ja Port-La Nouvellen [&hellip;]","og_url":"https:\/\/euroports.fi\/en\/uncategorized\/ensimmainen-tuulivoimakuljetus-saapui-pietarsaaren-satamaan\/","og_site_name":"Euroports Finland","article_published_time":"2023-01-18T13:09:54+00:00","article_modified_time":"2023-01-18T13:15:09+00:00","og_image":[{"width":2560,"height":575,"url":"https:\/\/euroports.fi\/wp-content\/uploads\/2023\/01\/Tuulivoima-scaled.jpg","type":"image\/jpeg"}],"author":"Marika Pulliainen","twitter_card":"summary_large_image","twitter_misc":{"Written by":"Marika Pulliainen"},"schema":{"@context":"https:\/\/schema.org","@graph":[{"@type":"Article","@id":"https:\/\/euroports.fi\/uncategorized\/ensimmainen-tuulivoimakuljetus-saapui-pietarsaaren-satamaan\/#article","isPartOf":{"@id":"https:\/\/euroports.fi\/uncategorized\/ensimmainen-tuulivoimakuljetus-saapui-pietarsaaren-satamaan\/"},"author":{"name":"Marika Pulliainen","@id":"https:\/\/euroports.fi\/en\/#\/schema\/person\/85ce969c64de5ded9bba2bfe2ef7d86d"},"headline":"Ensimm\u00e4inen tuulivoimakuljetus saapui Pietarsaaren satamaan","datePublished":"2023-01-18T13:09:54+00:00","dateModified":"2023-01-18T13:15:09+00:00","mainEntityOfPage":{"@id":"https:\/\/euroports.fi\/uncategorized\/ensimmainen-tuulivoimakuljetus-saapui-pietarsaaren-satamaan\/"},"wordCount":81,"commentCount":0,"publisher":{"@id":"https:\/\/euroports.fi\/en\/#organization"},"image":{"@id":"https:\/\/euroports.fi\/uncategorized\/ensimmainen-tuulivoimakuljetus-saapui-pietarsaaren-satamaan\/#primaryimage"},"thumbnailUrl":"https:\/\/euroports.fi\/wp-content\/uploads\/2023\/01\/Tuulivoima-scaled.jpg","keywords":["Euroports","Euroports Finland","Pietarsaari","tuulivoima","tuulivoimala"],"inLanguage":"en-US","potentialAction":[{"@type":"CommentAction","name":"Comment","target":["https:\/\/euroports.fi\/uncategorized\/ensimmainen-tuulivoimakuljetus-saapui-pietarsaaren-satamaan\/#respond"]}]},{"@type":"WebPage","@id":"https:\/\/euroports.fi\/uncategorized\/ensimmainen-tuulivoimakuljetus-saapui-pietarsaaren-satamaan\/","url":"https:\/\/euroports.fi\/uncategorized\/ensimmainen-tuulivoimakuljetus-saapui-pietarsaaren-satamaan\/","name":"Ensimm\u00e4inen tuulivoimakuljetus saapui Pietarsaaren satamaan - Euroports Finland","isPartOf":{"@id":"https:\/\/euroports.fi\/en\/#website"},"primaryImageOfPage":{"@id":"https:\/\/euroports.fi\/uncategorized\/ensimmainen-tuulivoimakuljetus-saapui-pietarsaaren-satamaan\/#primaryimage"},"image":{"@id":"https:\/\/euroports.fi\/uncategorized\/ensimmainen-tuulivoimakuljetus-saapui-pietarsaaren-satamaan\/#primaryimage"},"thumbnailUrl":"https:\/\/euroports.fi\/wp-content\/uploads\/2023\/01\/Tuulivoima-scaled.jpg","datePublished":"2023-01-18T13:09:54+00:00","dateModified":"2023-01-18T13:15:09+00:00","breadcrumb":{"@id":"https:\/\/euroports.fi\/uncategorized\/ensimmainen-tuulivoimakuljetus-saapui-pietarsaaren-satamaan\/#breadcrumb"},"inLanguage":"en-US","potentialAction":[{"@type":"ReadAction","target":["https:\/\/euroports.fi\/uncategorized\/ensimmainen-tuulivoimakuljetus-saapui-pietarsaaren-satamaan\/"]}]},{"@type":"ImageObject","inLanguage":"en-US","@id":"https:\/\/euroports.fi\/uncategorized\/ensimmainen-tuulivoimakuljetus-saapui-pietarsaaren-satamaan\/#primaryimage","url":"https:\/\/euroports.fi\/wp-content\/uploads\/2023\/01\/Tuulivoima-scaled.jpg","contentUrl":"https:\/\/euroports.fi\/wp-content\/uploads\/2023\/01\/Tuulivoima-scaled.jpg","width":2560,"height":575},{"@type":"BreadcrumbList","@id":"https:\/\/euroports.fi\/uncategorized\/ensimmainen-tuulivoimakuljetus-saapui-pietarsaaren-satamaan\/#breadcrumb","itemListElement":[{"@type":"ListItem","position":1,"name":"Home","item":"https:\/\/euroports.fi\/"},{"@type":"ListItem","position":2,"name":"Ensimm\u00e4inen tuulivoimakuljetus saapui Pietarsaaren satamaan"}]},{"@type":"WebSite","@id":"https:\/\/euroports.fi\/en\/#website","url":"https:\/\/euroports.fi\/en\/","name":"Euroports Finland","description":"T\u00e4yden palvelun satamaoperaattori.","publisher":{"@id":"https:\/\/euroports.fi\/en\/#organization"},"potentialAction":[{"@type":"SearchAction","target":{"@type":"EntryPoint","urlTemplate":"https:\/\/euroports.fi\/en\/?s={search_term_string}"},"query-input":{"@type":"PropertyValueSpecification","valueRequired":true,"valueName":"search_term_string"}}],"inLanguage":"en-US"},{"@type":"Organization","@id":"https:\/\/euroports.fi\/en\/#organization","name":"Euroports Finland","url":"https:\/\/euroports.fi\/en\/","logo":{"@type":"ImageObject","inLanguage":"en-US","@id":"https:\/\/euroports.fi\/en\/#\/schema\/logo\/image\/","url":"https:\/\/euroports.fi\/wp-content\/uploads\/2022\/01\/cropped-euroports_logo.png","contentUrl":"https:\/\/euroports.fi\/wp-content\/uploads\/2022\/01\/cropped-euroports_logo.png","width":350,"height":100,"caption":"Euroports Finland"},"image":{"@id":"https:\/\/euroports.fi\/en\/#\/schema\/logo\/image\/"}},{"@type":"Person","@id":"https:\/\/euroports.fi\/en\/#\/schema\/person\/85ce969c64de5ded9bba2bfe2ef7d86d","name":"Marika Pulliainen","image":{"@type":"ImageObject","inLanguage":"en-US","@id":"https:\/\/secure.gravatar.com\/avatar\/8e34019bb99780482ae2a9716043c2ee6e934f7ea01db37d055e68cc4ac38a77?s=96&d=mm&r=g","url":"https:\/\/secure.gravatar.com\/avatar\/8e34019bb99780482ae2a9716043c2ee6e934f7ea01db37d055e68cc4ac38a77?s=96&d=mm&r=g","contentUrl":"https:\/\/secure.gravatar.com\/avatar\/8e34019bb99780482ae2a9716043c2ee6e934f7ea01db37d055e68cc4ac38a77?s=96&d=mm&r=g","caption":"Marika Pulliainen"},"url":"https:\/\/euroports.fi\/en\/author\/marika\/"}]}},"_links":{"self":[{"href":"https:\/\/euroports.fi\/en\/wp-json\/wp\/v2\/posts\/5002","targetHints":{"allow":["GET"]}}],"collection":[{"href":"https:\/\/euroports.fi\/en\/wp-json\/wp\/v2\/posts"}],"about":[{"href":"https:\/\/euroports.fi\/en\/wp-json\/wp\/v2\/types\/post"}],"author":[{"embeddable":true,"href":"https:\/\/euroports.fi\/en\/wp-json\/wp\/v2\/users\/11"}],"replies":[{"embeddable":true,"href":"https:\/\/euroports.fi\/en\/wp-json\/wp\/v2\/comments?post=5002"}],"version-history":[{"count":2,"href":"https:\/\/euroports.fi\/en\/wp-json\/wp\/v2\/posts\/5002\/revisions"}],"predecessor-version":[{"id":5007,"href":"https:\/\/euroports.fi\/en\/wp-json\/wp\/v2\/posts\/5002\/revisions\/5007"}],"wp:featuredmedia":[{"embeddable":true,"href":"https:\/\/euroports.fi\/en\/wp-json\/wp\/v2\/media\/5006"}],"wp:attachment":[{"href":"https:\/\/euroports.fi\/en\/wp-json\/wp\/v2\/media?parent=5002"}],"wp:term":[{"taxonomy":"category","embeddable":true,"href":"https:\/\/euroports.fi\/en\/wp-json\/wp\/v2\/categories?post=5002"},{"taxonomy":"post_tag","embeddable":true,"href":"https:\/\/euroports.fi\/en\/wp-json\/wp\/v2\/tags?post=5002"}],"curies":[{"name":"wp","href":"https:\/\/api.w.org\/{rel}","templated":true}]}}