{"id":4991,"date":"2023-10-23T15:53:49","date_gmt":"2023-10-23T12:53:49","guid":{"rendered":"https:\/\/euroports.fi\/?p=4991"},"modified":"2023-10-25T10:15:41","modified_gmt":"2023-10-25T07:15:41","slug":"euroports-finland-muutoksiajohtoryhmassa","status":"publish","type":"post","link":"https:\/\/euroports.fi\/en\/uncategorized\/euroports-finland-muutoksiajohtoryhmassa\/","title":{"rendered":"Euroports Finland - changes in \nManagement team"},"content":{"rendered":"<div data-elementor-type=\"wp-post\" data-elementor-id=\"4991\" class=\"elementor elementor-4991\" data-elementor-post-type=\"post\">\n\t\t\t\t\t\t<section class=\"elementor-section elementor-top-section elementor-element elementor-element-11a8b184 elementor-section-boxed elementor-section-height-default elementor-section-height-default\" data-id=\"11a8b184\" data-element_type=\"section\" data-e-type=\"section\">\n\t\t\t\t\t\t<div class=\"elementor-container elementor-column-gap-default\">\n\t\t\t\t\t<div class=\"elementor-column elementor-col-100 elementor-top-column elementor-element elementor-element-546177f0\" data-id=\"546177f0\" data-element_type=\"column\" data-e-type=\"column\">\n\t\t\t<div class=\"elementor-widget-wrap elementor-element-populated\">\n\t\t\t\t\t\t<div class=\"elementor-element elementor-element-1b9b948c elementor-widget elementor-widget-text-editor\" data-id=\"1b9b948c\" data-element_type=\"widget\" data-e-type=\"widget\" data-widget_type=\"text-editor.default\">\n\t\t\t\t<div class=\"elementor-widget-container\">\n\t\t\t\t\t\t\t\t\t\n<p>We are pleased to announce that Anu Vartiainen has been appointed<br \/>HR Director and member of the Euroports Finland Management Team. Anu brings with her a wealth of expertise in human resources management and<br \/>and we are excited to welcome him to the Euroports Finland family.<\/p>\n\n<p class=\" translation-block\">Anu has gained extensive experience during her career as HR and Administration Director at Pori Energia Oy and as HR and Communications Director at Boliden Harjavalta.<\/p>\n\n<p>Please join me in extending a warm welcome to Anu. We look forward<br \/>looking forward to his contribution and leadership as HR Director from 1 November.<\/p>\n\n<p class=\" translation-block\">Markku Lehtovaara, HR Director of Euroports Finland, will leave the company by the end of the year. We would like to thank Markku for his commitment and dedication to Euroports Finland.<\/p>\n\n<figure class=\"wp-block-image size-full is-resized\"><img fetchpriority=\"high\" decoding=\"async\" width=\"424\" height=\"460\" class=\"wp-image-5400\" style=\"aspect-ratio: 0.9217391304347826; width: 267px; height: auto;\" src=\"https:\/\/euroports.fi\/wp-content\/uploads\/2023\/10\/anu.jpg\" alt=\"\" srcset=\"https:\/\/euroports.fi\/wp-content\/uploads\/2023\/10\/anu.jpg 424w, https:\/\/euroports.fi\/wp-content\/uploads\/2023\/10\/anu-277x300.jpg 277w, https:\/\/euroports.fi\/wp-content\/uploads\/2023\/10\/anu-11x12.jpg 11w\" sizes=\"(max-width: 424px) 100vw, 424px\" \/><\/figure>\n\t\t\t\t\t\t\t\t<\/div>\n\t\t\t\t<\/div>\n\t\t\t\t\t<\/div>\n\t\t<\/div>\n\t\t\t\t\t<\/div>\n\t\t<\/section>\n\t\t\t\t<\/div>","protected":false},"excerpt":{"rendered":"<p>Meill\u00e4 on ilo ilmoittaa, ett\u00e4 Anu Vartiainen on nimitettyhenkil\u00f6st\u00f6johtajaksi ja Euroports Finlandin johtoryhm\u00e4n j\u00e4seneksi. Anu tuo mukanaan runsaasti osaamista henkil\u00f6st\u00f6hallinnosta jajohtamisesta, ja olemme innoissamme voidessamme toivottaa h\u00e4net tervetulleeksi Euroports Finland -perheeseemme. Anu on kartuttanut laajaa kokemusta ty\u00f6historiansa aikana PoriEnergia Oy:n henkil\u00f6st\u00f6- ja hallintojohtajana, sek\u00e4 Boliden Harjavallan henkil\u00f6st\u00f6- ja viestint\u00e4johtajana. Toivotamme Anun l\u00e4mpim\u00e4sti tervetulleeksi. Odotammeinnolla h\u00e4nen [&hellip;]<\/p>\n","protected":false},"author":18,"featured_media":5405,"comment_status":"open","ping_status":"open","sticky":true,"template":"","format":"standard","meta":{"_acf_changed":false,"footnotes":""},"categories":[1],"tags":[27,24],"class_list":["post-4991","post","type-post","status-publish","format-standard","has-post-thumbnail","hentry","category-uncategorized","tag-euroports","tag-euroports-finland"],"acf":{"hide_featured_image":false,"separate_image":null},"yoast_head":"<!-- This site is optimized with the Yoast SEO plugin v27.4 - https:\/\/yoast.com\/product\/yoast-seo-wordpress\/ -->\n<title>Euroports Finland - Muutoksia johtoryhm\u00e4ss\u00e4 - Euroports Finland<\/title>\n<meta name=\"robots\" content=\"index, follow, max-snippet:-1, max-image-preview:large, max-video-preview:-1\" \/>\n<link rel=\"canonical\" href=\"https:\/\/euroports.fi\/en\/uncategorized\/euroports-finland-muutoksiajohtoryhmassa\/\" \/>\n<meta property=\"og:locale\" content=\"en_US\" \/>\n<meta property=\"og:type\" content=\"article\" \/>\n<meta property=\"og:title\" content=\"Euroports Finland - Muutoksia johtoryhm\u00e4ss\u00e4 - Euroports Finland\" \/>\n<meta property=\"og:description\" content=\"Meill\u00e4 on ilo ilmoittaa, ett\u00e4 Anu Vartiainen on nimitettyhenkil\u00f6st\u00f6johtajaksi ja Euroports Finlandin johtoryhm\u00e4n j\u00e4seneksi. Anu tuo mukanaan runsaasti osaamista henkil\u00f6st\u00f6hallinnosta jajohtamisesta, ja olemme innoissamme voidessamme toivottaa h\u00e4net tervetulleeksi Euroports Finland -perheeseemme. Anu on kartuttanut laajaa kokemusta ty\u00f6historiansa aikana PoriEnergia Oy:n henkil\u00f6st\u00f6- ja hallintojohtajana, sek\u00e4 Boliden Harjavallan henkil\u00f6st\u00f6- ja viestint\u00e4johtajana. Toivotamme Anun l\u00e4mpim\u00e4sti tervetulleeksi. Odotammeinnolla h\u00e4nen [&hellip;]\" \/>\n<meta property=\"og:url\" content=\"https:\/\/euroports.fi\/en\/uncategorized\/euroports-finland-muutoksiajohtoryhmassa\/\" \/>\n<meta property=\"og:site_name\" content=\"Euroports Finland\" \/>\n<meta property=\"article:published_time\" content=\"2023-10-23T12:53:49+00:00\" \/>\n<meta property=\"article:modified_time\" content=\"2023-10-25T07:15:41+00:00\" \/>\n<meta property=\"og:image\" content=\"https:\/\/euroports.fi\/wp-content\/uploads\/2023\/10\/IMGP0398-scaled-e1737963701558.jpg\" \/>\n\t<meta property=\"og:image:width\" content=\"2560\" \/>\n\t<meta property=\"og:image:height\" content=\"1442\" \/>\n\t<meta property=\"og:image:type\" content=\"image\/jpeg\" \/>\n<meta name=\"author\" content=\"Viola Juuso\" \/>\n<meta name=\"twitter:card\" content=\"summary_large_image\" \/>\n<meta name=\"twitter:label1\" content=\"Written by\" \/>\n\t<meta name=\"twitter:data1\" content=\"Viola Juuso\" \/>\n\t<meta name=\"twitter:label2\" content=\"Est. reading time\" \/>\n\t<meta name=\"twitter:data2\" content=\"1 minute\" \/>\n<script type=\"application\/ld+json\" class=\"yoast-schema-graph\">{\"@context\":\"https:\\\/\\\/schema.org\",\"@graph\":[{\"@type\":\"Article\",\"@id\":\"https:\\\/\\\/euroports.fi\\\/uncategorized\\\/euroports-finland-muutoksiajohtoryhmassa\\\/#article\",\"isPartOf\":{\"@id\":\"https:\\\/\\\/euroports.fi\\\/uncategorized\\\/euroports-finland-muutoksiajohtoryhmassa\\\/\"},\"author\":{\"name\":\"Viola Juuso\",\"@id\":\"https:\\\/\\\/euroports.fi\\\/en\\\/#\\\/schema\\\/person\\\/1a4b0c0893e447c80e5dbba4f43c9492\"},\"headline\":\"Euroports Finland &#8211; Muutoksia johtoryhm\u00e4ss\u00e4\",\"datePublished\":\"2023-10-23T12:53:49+00:00\",\"dateModified\":\"2023-10-25T07:15:41+00:00\",\"mainEntityOfPage\":{\"@id\":\"https:\\\/\\\/euroports.fi\\\/uncategorized\\\/euroports-finland-muutoksiajohtoryhmassa\\\/\"},\"wordCount\":112,\"commentCount\":0,\"publisher\":{\"@id\":\"https:\\\/\\\/euroports.fi\\\/en\\\/#organization\"},\"image\":{\"@id\":\"https:\\\/\\\/euroports.fi\\\/uncategorized\\\/euroports-finland-muutoksiajohtoryhmassa\\\/#primaryimage\"},\"thumbnailUrl\":\"https:\\\/\\\/euroports.fi\\\/wp-content\\\/uploads\\\/2023\\\/10\\\/IMGP0398-scaled-e1737963701558.jpg\",\"keywords\":[\"Euroports\",\"Euroports Finland\"],\"inLanguage\":\"en-US\",\"potentialAction\":[{\"@type\":\"CommentAction\",\"name\":\"Comment\",\"target\":[\"https:\\\/\\\/euroports.fi\\\/uncategorized\\\/euroports-finland-muutoksiajohtoryhmassa\\\/#respond\"]}]},{\"@type\":\"WebPage\",\"@id\":\"https:\\\/\\\/euroports.fi\\\/uncategorized\\\/euroports-finland-muutoksiajohtoryhmassa\\\/\",\"url\":\"https:\\\/\\\/euroports.fi\\\/uncategorized\\\/euroports-finland-muutoksiajohtoryhmassa\\\/\",\"name\":\"Euroports Finland - Muutoksia johtoryhm\u00e4ss\u00e4 - Euroports Finland\",\"isPartOf\":{\"@id\":\"https:\\\/\\\/euroports.fi\\\/en\\\/#website\"},\"primaryImageOfPage\":{\"@id\":\"https:\\\/\\\/euroports.fi\\\/uncategorized\\\/euroports-finland-muutoksiajohtoryhmassa\\\/#primaryimage\"},\"image\":{\"@id\":\"https:\\\/\\\/euroports.fi\\\/uncategorized\\\/euroports-finland-muutoksiajohtoryhmassa\\\/#primaryimage\"},\"thumbnailUrl\":\"https:\\\/\\\/euroports.fi\\\/wp-content\\\/uploads\\\/2023\\\/10\\\/IMGP0398-scaled-e1737963701558.jpg\",\"datePublished\":\"2023-10-23T12:53:49+00:00\",\"dateModified\":\"2023-10-25T07:15:41+00:00\",\"breadcrumb\":{\"@id\":\"https:\\\/\\\/euroports.fi\\\/uncategorized\\\/euroports-finland-muutoksiajohtoryhmassa\\\/#breadcrumb\"},\"inLanguage\":\"en-US\",\"potentialAction\":[{\"@type\":\"ReadAction\",\"target\":[\"https:\\\/\\\/euroports.fi\\\/uncategorized\\\/euroports-finland-muutoksiajohtoryhmassa\\\/\"]}]},{\"@type\":\"ImageObject\",\"inLanguage\":\"en-US\",\"@id\":\"https:\\\/\\\/euroports.fi\\\/uncategorized\\\/euroports-finland-muutoksiajohtoryhmassa\\\/#primaryimage\",\"url\":\"https:\\\/\\\/euroports.fi\\\/wp-content\\\/uploads\\\/2023\\\/10\\\/IMGP0398-scaled-e1737963701558.jpg\",\"contentUrl\":\"https:\\\/\\\/euroports.fi\\\/wp-content\\\/uploads\\\/2023\\\/10\\\/IMGP0398-scaled-e1737963701558.jpg\",\"width\":2560,\"height\":1442},{\"@type\":\"BreadcrumbList\",\"@id\":\"https:\\\/\\\/euroports.fi\\\/uncategorized\\\/euroports-finland-muutoksiajohtoryhmassa\\\/#breadcrumb\",\"itemListElement\":[{\"@type\":\"ListItem\",\"position\":1,\"name\":\"Home\",\"item\":\"https:\\\/\\\/euroports.fi\\\/\"},{\"@type\":\"ListItem\",\"position\":2,\"name\":\"Euroports Finland &#8211; Muutoksia johtoryhm\u00e4ss\u00e4\"}]},{\"@type\":\"WebSite\",\"@id\":\"https:\\\/\\\/euroports.fi\\\/en\\\/#website\",\"url\":\"https:\\\/\\\/euroports.fi\\\/en\\\/\",\"name\":\"Euroports Finland\",\"description\":\"T\u00e4yden palvelun satamaoperaattori.\",\"publisher\":{\"@id\":\"https:\\\/\\\/euroports.fi\\\/en\\\/#organization\"},\"potentialAction\":[{\"@type\":\"SearchAction\",\"target\":{\"@type\":\"EntryPoint\",\"urlTemplate\":\"https:\\\/\\\/euroports.fi\\\/en\\\/?s={search_term_string}\"},\"query-input\":{\"@type\":\"PropertyValueSpecification\",\"valueRequired\":true,\"valueName\":\"search_term_string\"}}],\"inLanguage\":\"en-US\"},{\"@type\":\"Organization\",\"@id\":\"https:\\\/\\\/euroports.fi\\\/en\\\/#organization\",\"name\":\"Euroports Finland\",\"url\":\"https:\\\/\\\/euroports.fi\\\/en\\\/\",\"logo\":{\"@type\":\"ImageObject\",\"inLanguage\":\"en-US\",\"@id\":\"https:\\\/\\\/euroports.fi\\\/en\\\/#\\\/schema\\\/logo\\\/image\\\/\",\"url\":\"https:\\\/\\\/euroports.fi\\\/wp-content\\\/uploads\\\/2022\\\/01\\\/cropped-euroports_logo.png\",\"contentUrl\":\"https:\\\/\\\/euroports.fi\\\/wp-content\\\/uploads\\\/2022\\\/01\\\/cropped-euroports_logo.png\",\"width\":350,\"height\":100,\"caption\":\"Euroports Finland\"},\"image\":{\"@id\":\"https:\\\/\\\/euroports.fi\\\/en\\\/#\\\/schema\\\/logo\\\/image\\\/\"}},{\"@type\":\"Person\",\"@id\":\"https:\\\/\\\/euroports.fi\\\/en\\\/#\\\/schema\\\/person\\\/1a4b0c0893e447c80e5dbba4f43c9492\",\"name\":\"Viola Juuso\",\"image\":{\"@type\":\"ImageObject\",\"inLanguage\":\"en-US\",\"@id\":\"https:\\\/\\\/secure.gravatar.com\\\/avatar\\\/e50391ca51e3f417d0532ca37d5764c3fcee1110d6d9c4a1f55d67e5d6b1677c?s=96&d=mm&r=g\",\"url\":\"https:\\\/\\\/secure.gravatar.com\\\/avatar\\\/e50391ca51e3f417d0532ca37d5764c3fcee1110d6d9c4a1f55d67e5d6b1677c?s=96&d=mm&r=g\",\"contentUrl\":\"https:\\\/\\\/secure.gravatar.com\\\/avatar\\\/e50391ca51e3f417d0532ca37d5764c3fcee1110d6d9c4a1f55d67e5d6b1677c?s=96&d=mm&r=g\",\"caption\":\"Viola Juuso\"},\"url\":\"https:\\\/\\\/euroports.fi\\\/en\\\/author\\\/viola-juusoeuroports-com\\\/\"}]}<\/script>\n<!-- \/ Yoast SEO plugin. -->","yoast_head_json":{"title":"Euroports Finland - Muutoksia johtoryhm\u00e4ss\u00e4 - Euroports Finland","robots":{"index":"index","follow":"follow","max-snippet":"max-snippet:-1","max-image-preview":"max-image-preview:large","max-video-preview":"max-video-preview:-1"},"canonical":"https:\/\/euroports.fi\/en\/uncategorized\/euroports-finland-muutoksiajohtoryhmassa\/","og_locale":"en_US","og_type":"article","og_title":"Euroports Finland - Muutoksia johtoryhm\u00e4ss\u00e4 - Euroports Finland","og_description":"Meill\u00e4 on ilo ilmoittaa, ett\u00e4 Anu Vartiainen on nimitettyhenkil\u00f6st\u00f6johtajaksi ja Euroports Finlandin johtoryhm\u00e4n j\u00e4seneksi. Anu tuo mukanaan runsaasti osaamista henkil\u00f6st\u00f6hallinnosta jajohtamisesta, ja olemme innoissamme voidessamme toivottaa h\u00e4net tervetulleeksi Euroports Finland -perheeseemme. Anu on kartuttanut laajaa kokemusta ty\u00f6historiansa aikana PoriEnergia Oy:n henkil\u00f6st\u00f6- ja hallintojohtajana, sek\u00e4 Boliden Harjavallan henkil\u00f6st\u00f6- ja viestint\u00e4johtajana. Toivotamme Anun l\u00e4mpim\u00e4sti tervetulleeksi. Odotammeinnolla h\u00e4nen [&hellip;]","og_url":"https:\/\/euroports.fi\/en\/uncategorized\/euroports-finland-muutoksiajohtoryhmassa\/","og_site_name":"Euroports Finland","article_published_time":"2023-10-23T12:53:49+00:00","article_modified_time":"2023-10-25T07:15:41+00:00","og_image":[{"width":2560,"height":1442,"url":"https:\/\/euroports.fi\/wp-content\/uploads\/2023\/10\/IMGP0398-scaled-e1737963701558.jpg","type":"image\/jpeg"}],"author":"Viola Juuso","twitter_card":"summary_large_image","twitter_misc":{"Written by":"Viola Juuso","Est. reading time":"1 minute"},"schema":{"@context":"https:\/\/schema.org","@graph":[{"@type":"Article","@id":"https:\/\/euroports.fi\/uncategorized\/euroports-finland-muutoksiajohtoryhmassa\/#article","isPartOf":{"@id":"https:\/\/euroports.fi\/uncategorized\/euroports-finland-muutoksiajohtoryhmassa\/"},"author":{"name":"Viola Juuso","@id":"https:\/\/euroports.fi\/en\/#\/schema\/person\/1a4b0c0893e447c80e5dbba4f43c9492"},"headline":"Euroports Finland &#8211; Muutoksia johtoryhm\u00e4ss\u00e4","datePublished":"2023-10-23T12:53:49+00:00","dateModified":"2023-10-25T07:15:41+00:00","mainEntityOfPage":{"@id":"https:\/\/euroports.fi\/uncategorized\/euroports-finland-muutoksiajohtoryhmassa\/"},"wordCount":112,"commentCount":0,"publisher":{"@id":"https:\/\/euroports.fi\/en\/#organization"},"image":{"@id":"https:\/\/euroports.fi\/uncategorized\/euroports-finland-muutoksiajohtoryhmassa\/#primaryimage"},"thumbnailUrl":"https:\/\/euroports.fi\/wp-content\/uploads\/2023\/10\/IMGP0398-scaled-e1737963701558.jpg","keywords":["Euroports","Euroports Finland"],"inLanguage":"en-US","potentialAction":[{"@type":"CommentAction","name":"Comment","target":["https:\/\/euroports.fi\/uncategorized\/euroports-finland-muutoksiajohtoryhmassa\/#respond"]}]},{"@type":"WebPage","@id":"https:\/\/euroports.fi\/uncategorized\/euroports-finland-muutoksiajohtoryhmassa\/","url":"https:\/\/euroports.fi\/uncategorized\/euroports-finland-muutoksiajohtoryhmassa\/","name":"Euroports Finland - Muutoksia johtoryhm\u00e4ss\u00e4 - Euroports Finland","isPartOf":{"@id":"https:\/\/euroports.fi\/en\/#website"},"primaryImageOfPage":{"@id":"https:\/\/euroports.fi\/uncategorized\/euroports-finland-muutoksiajohtoryhmassa\/#primaryimage"},"image":{"@id":"https:\/\/euroports.fi\/uncategorized\/euroports-finland-muutoksiajohtoryhmassa\/#primaryimage"},"thumbnailUrl":"https:\/\/euroports.fi\/wp-content\/uploads\/2023\/10\/IMGP0398-scaled-e1737963701558.jpg","datePublished":"2023-10-23T12:53:49+00:00","dateModified":"2023-10-25T07:15:41+00:00","breadcrumb":{"@id":"https:\/\/euroports.fi\/uncategorized\/euroports-finland-muutoksiajohtoryhmassa\/#breadcrumb"},"inLanguage":"en-US","potentialAction":[{"@type":"ReadAction","target":["https:\/\/euroports.fi\/uncategorized\/euroports-finland-muutoksiajohtoryhmassa\/"]}]},{"@type":"ImageObject","inLanguage":"en-US","@id":"https:\/\/euroports.fi\/uncategorized\/euroports-finland-muutoksiajohtoryhmassa\/#primaryimage","url":"https:\/\/euroports.fi\/wp-content\/uploads\/2023\/10\/IMGP0398-scaled-e1737963701558.jpg","contentUrl":"https:\/\/euroports.fi\/wp-content\/uploads\/2023\/10\/IMGP0398-scaled-e1737963701558.jpg","width":2560,"height":1442},{"@type":"BreadcrumbList","@id":"https:\/\/euroports.fi\/uncategorized\/euroports-finland-muutoksiajohtoryhmassa\/#breadcrumb","itemListElement":[{"@type":"ListItem","position":1,"name":"Home","item":"https:\/\/euroports.fi\/"},{"@type":"ListItem","position":2,"name":"Euroports Finland &#8211; Muutoksia johtoryhm\u00e4ss\u00e4"}]},{"@type":"WebSite","@id":"https:\/\/euroports.fi\/en\/#website","url":"https:\/\/euroports.fi\/en\/","name":"Euroports Finland","description":"T\u00e4yden palvelun satamaoperaattori.","publisher":{"@id":"https:\/\/euroports.fi\/en\/#organization"},"potentialAction":[{"@type":"SearchAction","target":{"@type":"EntryPoint","urlTemplate":"https:\/\/euroports.fi\/en\/?s={search_term_string}"},"query-input":{"@type":"PropertyValueSpecification","valueRequired":true,"valueName":"search_term_string"}}],"inLanguage":"en-US"},{"@type":"Organization","@id":"https:\/\/euroports.fi\/en\/#organization","name":"Euroports Finland","url":"https:\/\/euroports.fi\/en\/","logo":{"@type":"ImageObject","inLanguage":"en-US","@id":"https:\/\/euroports.fi\/en\/#\/schema\/logo\/image\/","url":"https:\/\/euroports.fi\/wp-content\/uploads\/2022\/01\/cropped-euroports_logo.png","contentUrl":"https:\/\/euroports.fi\/wp-content\/uploads\/2022\/01\/cropped-euroports_logo.png","width":350,"height":100,"caption":"Euroports Finland"},"image":{"@id":"https:\/\/euroports.fi\/en\/#\/schema\/logo\/image\/"}},{"@type":"Person","@id":"https:\/\/euroports.fi\/en\/#\/schema\/person\/1a4b0c0893e447c80e5dbba4f43c9492","name":"Viola Juuso","image":{"@type":"ImageObject","inLanguage":"en-US","@id":"https:\/\/secure.gravatar.com\/avatar\/e50391ca51e3f417d0532ca37d5764c3fcee1110d6d9c4a1f55d67e5d6b1677c?s=96&d=mm&r=g","url":"https:\/\/secure.gravatar.com\/avatar\/e50391ca51e3f417d0532ca37d5764c3fcee1110d6d9c4a1f55d67e5d6b1677c?s=96&d=mm&r=g","contentUrl":"https:\/\/secure.gravatar.com\/avatar\/e50391ca51e3f417d0532ca37d5764c3fcee1110d6d9c4a1f55d67e5d6b1677c?s=96&d=mm&r=g","caption":"Viola Juuso"},"url":"https:\/\/euroports.fi\/en\/author\/viola-juusoeuroports-com\/"}]}},"_links":{"self":[{"href":"https:\/\/euroports.fi\/en\/wp-json\/wp\/v2\/posts\/4991","targetHints":{"allow":["GET"]}}],"collection":[{"href":"https:\/\/euroports.fi\/en\/wp-json\/wp\/v2\/posts"}],"about":[{"href":"https:\/\/euroports.fi\/en\/wp-json\/wp\/v2\/types\/post"}],"author":[{"embeddable":true,"href":"https:\/\/euroports.fi\/en\/wp-json\/wp\/v2\/users\/18"}],"replies":[{"embeddable":true,"href":"https:\/\/euroports.fi\/en\/wp-json\/wp\/v2\/comments?post=4991"}],"version-history":[{"count":14,"href":"https:\/\/euroports.fi\/en\/wp-json\/wp\/v2\/posts\/4991\/revisions"}],"predecessor-version":[{"id":5418,"href":"https:\/\/euroports.fi\/en\/wp-json\/wp\/v2\/posts\/4991\/revisions\/5418"}],"wp:featuredmedia":[{"embeddable":true,"href":"https:\/\/euroports.fi\/en\/wp-json\/wp\/v2\/media\/5405"}],"wp:attachment":[{"href":"https:\/\/euroports.fi\/en\/wp-json\/wp\/v2\/media?parent=4991"}],"wp:term":[{"taxonomy":"category","embeddable":true,"href":"https:\/\/euroports.fi\/en\/wp-json\/wp\/v2\/categories?post=4991"},{"taxonomy":"post_tag","embeddable":true,"href":"https:\/\/euroports.fi\/en\/wp-json\/wp\/v2\/tags?post=4991"}],"curies":[{"name":"wp","href":"https:\/\/api.w.org\/{rel}","templated":true}]}}