{"id":4700,"date":"2022-10-12T23:31:57","date_gmt":"2022-10-12T20:31:57","guid":{"rendered":"https:\/\/euroports.fi\/?p=4700"},"modified":"2022-10-12T23:36:27","modified_gmt":"2022-10-12T20:36:27","slug":"rauman-saha-aloitti-toimintaansa","status":"publish","type":"post","link":"https:\/\/euroports.fi\/en\/uncategorized\/rauman-saha-aloitti-toimintaansa\/","title":{"rendered":"Sawn timber production started in Rauma"},"content":{"rendered":"<p>Mets\u00e4 Fibre, part of the Mets\u00e4 Group, started production at the new sawmill in Rauma, Finland. Euroports Rauma Oy is responsible for the sawmill\u2019s terminal operations. The total annual volume of the Rauma sawmill will nearly double the timber volume processed by Euroports Rauma Oy, making the company the second largest timber operator in Finland. \u201cThe close corporate cooperation behind the Rauma sawmill helps ensure that the wood value chain is environmentally friendly and cost-efficient,\u201d says Sari De Meulder, Managing Director of Euroports Finland Oy.<\/p>\n\n\n\n<p>Euroports Rauma has recently invested in the processing of timber. \u201cWe use modern containerisation equipment, as well as forklifts designed for timber processing. We have also purchased a new hybrid crane that can be operated entirely on electricity. In combustion engines, we use biodiesel as fuel,\" explains Tuomas Saarnilahti, Business Unit Manager of Euroports Rauma. Euroports Finland Oy\u2019s companies are committed to mitigating negative environmental effects and establishing a safe and healthy working environment. \u201cSafe movement and passage were key factors in the design of the timber terminal, and we are investing in the constant reduction of carbon dioxide emissions produced by fossil fuels and the minimisation of environmental effects caused by our operations,\u201d says Tuomas. <\/p>\n\n\n\n<p>Mets\u00e4 Fibre\u2019s new sawmill in Rauma represents innovative technology and exceptional efficiency. The produced timber is transferred to the tracks and loaded to the logistics unit automatically, which means that forklifts are not needed. \u201cThe Rauma sawmill is the largest and most modern sawmill in Finland producing high-quality timber for demanding customers,\u201d says Mill Manager Liisa-Maija Per\u00e4vainio of Mets\u00e4 Fibre. Rauma sawmill\u2019s annual production volume will be approximately 750,000 cubic metres of pine sawn timber.<\/p>","protected":false},"excerpt":{"rendered":"<p>Mets\u00e4 Groupiin kuuluva Mets\u00e4 Fibren Rauman sahan toiminta on k\u00e4ynnistynyt ja Euroports Rauma Oy vastaa koko sahan tuotannon varastoinnista ja toimitusoperaatioista. Rauman sahan kokonaisvuosivolyymi l\u00e4hes kaksinkertaistaa Euroports Rauma Oy:n sahatavaran k\u00e4sittelym\u00e4\u00e4r\u00e4t ja yhti\u00f6 on t\u00e4m\u00e4n j\u00e4lkeen Suomen toiseksi suurin sahatavaraoperaattori. \u201dRauman sahan taustalla on vahva yritysten v\u00e4linen yhteisty\u00f6, jolla varmistetaan ymp\u00e4rist\u00f6yst\u00e4v\u00e4llinen ja kustannustehokas puun arvoketju\u201d, [&hellip;]<\/p>\n","protected":false},"author":8,"featured_media":4707,"comment_status":"open","ping_status":"open","sticky":false,"template":"","format":"standard","meta":{"_acf_changed":false,"footnotes":""},"categories":[1],"tags":[27,44,43,42],"class_list":["post-4700","post","type-post","status-publish","format-standard","has-post-thumbnail","hentry","category-uncategorized","tag-euroports","tag-metsa-fibre","tag-metsa-group","tag-rauman-saha"],"acf":{"hide_featured_image":false,"separate_image":null},"yoast_head":"<!-- This site is optimized with the Yoast SEO plugin v27.5 - https:\/\/yoast.com\/product\/yoast-seo-wordpress\/ -->\n<title>Rauman saha aloitti toimintaansa - Euroports Finland<\/title>\n<meta name=\"robots\" content=\"index, follow, max-snippet:-1, max-image-preview:large, max-video-preview:-1\" \/>\n<link rel=\"canonical\" href=\"https:\/\/euroports.fi\/en\/uncategorized\/rauman-saha-aloitti-toimintaansa\/\" \/>\n<meta property=\"og:locale\" content=\"en_US\" \/>\n<meta property=\"og:type\" content=\"article\" \/>\n<meta property=\"og:title\" content=\"Rauman saha aloitti toimintaansa - Euroports Finland\" \/>\n<meta property=\"og:description\" content=\"Mets\u00e4 Groupiin kuuluva Mets\u00e4 Fibren Rauman sahan toiminta on k\u00e4ynnistynyt ja Euroports Rauma Oy vastaa koko sahan tuotannon varastoinnista ja toimitusoperaatioista. Rauman sahan kokonaisvuosivolyymi l\u00e4hes kaksinkertaistaa Euroports Rauma Oy:n sahatavaran k\u00e4sittelym\u00e4\u00e4r\u00e4t ja yhti\u00f6 on t\u00e4m\u00e4n j\u00e4lkeen Suomen toiseksi suurin sahatavaraoperaattori. \u201dRauman sahan taustalla on vahva yritysten v\u00e4linen yhteisty\u00f6, jolla varmistetaan ymp\u00e4rist\u00f6yst\u00e4v\u00e4llinen ja kustannustehokas puun arvoketju\u201d, [&hellip;]\" \/>\n<meta property=\"og:url\" content=\"https:\/\/euroports.fi\/en\/uncategorized\/rauman-saha-aloitti-toimintaansa\/\" \/>\n<meta property=\"og:site_name\" content=\"Euroports Finland\" \/>\n<meta property=\"article:published_time\" content=\"2022-10-12T20:31:57+00:00\" \/>\n<meta property=\"article:modified_time\" content=\"2022-10-12T20:36:27+00:00\" \/>\n<meta property=\"og:image\" content=\"https:\/\/euroports.fi\/wp-content\/uploads\/2022\/10\/Rauma-e1738138293539.jpg\" \/>\n\t<meta property=\"og:image:width\" content=\"1860\" \/>\n\t<meta property=\"og:image:height\" content=\"998\" \/>\n\t<meta property=\"og:image:type\" content=\"image\/jpeg\" \/>\n<meta name=\"author\" content=\"Marika Pulliainen\" \/>\n<meta name=\"twitter:card\" content=\"summary_large_image\" \/>\n<meta name=\"twitter:label1\" content=\"Written by\" \/>\n\t<meta name=\"twitter:data1\" content=\"Marika Pulliainen\" \/>\n\t<meta name=\"twitter:label2\" content=\"Est. reading time\" \/>\n\t<meta name=\"twitter:data2\" content=\"1 minute\" \/>\n<script type=\"application\/ld+json\" class=\"yoast-schema-graph\">{\"@context\":\"https:\\\/\\\/schema.org\",\"@graph\":[{\"@type\":\"Article\",\"@id\":\"https:\\\/\\\/euroports.fi\\\/uncategorized\\\/rauman-saha-aloitti-toimintaansa\\\/#article\",\"isPartOf\":{\"@id\":\"https:\\\/\\\/euroports.fi\\\/uncategorized\\\/rauman-saha-aloitti-toimintaansa\\\/\"},\"author\":{\"name\":\"Marika Pulliainen\",\"@id\":\"https:\\\/\\\/euroports.fi\\\/en\\\/#\\\/schema\\\/person\\\/35b362cab1d343ca1b071b89b31ac6f1\"},\"headline\":\"Rauman saha aloitti toimintaansa\",\"datePublished\":\"2022-10-12T20:31:57+00:00\",\"dateModified\":\"2022-10-12T20:36:27+00:00\",\"mainEntityOfPage\":{\"@id\":\"https:\\\/\\\/euroports.fi\\\/uncategorized\\\/rauman-saha-aloitti-toimintaansa\\\/\"},\"wordCount\":255,\"commentCount\":0,\"publisher\":{\"@id\":\"https:\\\/\\\/euroports.fi\\\/en\\\/#organization\"},\"image\":{\"@id\":\"https:\\\/\\\/euroports.fi\\\/uncategorized\\\/rauman-saha-aloitti-toimintaansa\\\/#primaryimage\"},\"thumbnailUrl\":\"https:\\\/\\\/euroports.fi\\\/wp-content\\\/uploads\\\/2022\\\/10\\\/Rauma-e1738138293539.jpg\",\"keywords\":[\"Euroports\",\"Mets\u00e4 Fibre\",\"Mets\u00e4 Group\",\"Rauman saha\"],\"inLanguage\":\"en-US\",\"potentialAction\":[{\"@type\":\"CommentAction\",\"name\":\"Comment\",\"target\":[\"https:\\\/\\\/euroports.fi\\\/uncategorized\\\/rauman-saha-aloitti-toimintaansa\\\/#respond\"]}]},{\"@type\":\"WebPage\",\"@id\":\"https:\\\/\\\/euroports.fi\\\/uncategorized\\\/rauman-saha-aloitti-toimintaansa\\\/\",\"url\":\"https:\\\/\\\/euroports.fi\\\/uncategorized\\\/rauman-saha-aloitti-toimintaansa\\\/\",\"name\":\"Rauman saha aloitti toimintaansa - Euroports Finland\",\"isPartOf\":{\"@id\":\"https:\\\/\\\/euroports.fi\\\/en\\\/#website\"},\"primaryImageOfPage\":{\"@id\":\"https:\\\/\\\/euroports.fi\\\/uncategorized\\\/rauman-saha-aloitti-toimintaansa\\\/#primaryimage\"},\"image\":{\"@id\":\"https:\\\/\\\/euroports.fi\\\/uncategorized\\\/rauman-saha-aloitti-toimintaansa\\\/#primaryimage\"},\"thumbnailUrl\":\"https:\\\/\\\/euroports.fi\\\/wp-content\\\/uploads\\\/2022\\\/10\\\/Rauma-e1738138293539.jpg\",\"datePublished\":\"2022-10-12T20:31:57+00:00\",\"dateModified\":\"2022-10-12T20:36:27+00:00\",\"breadcrumb\":{\"@id\":\"https:\\\/\\\/euroports.fi\\\/uncategorized\\\/rauman-saha-aloitti-toimintaansa\\\/#breadcrumb\"},\"inLanguage\":\"en-US\",\"potentialAction\":[{\"@type\":\"ReadAction\",\"target\":[\"https:\\\/\\\/euroports.fi\\\/uncategorized\\\/rauman-saha-aloitti-toimintaansa\\\/\"]}]},{\"@type\":\"ImageObject\",\"inLanguage\":\"en-US\",\"@id\":\"https:\\\/\\\/euroports.fi\\\/uncategorized\\\/rauman-saha-aloitti-toimintaansa\\\/#primaryimage\",\"url\":\"https:\\\/\\\/euroports.fi\\\/wp-content\\\/uploads\\\/2022\\\/10\\\/Rauma-e1738138293539.jpg\",\"contentUrl\":\"https:\\\/\\\/euroports.fi\\\/wp-content\\\/uploads\\\/2022\\\/10\\\/Rauma-e1738138293539.jpg\",\"width\":1860,\"height\":998,\"caption\":\"Sahatavaran k\u00e4sittely\u00e4 Raumalla\"},{\"@type\":\"BreadcrumbList\",\"@id\":\"https:\\\/\\\/euroports.fi\\\/uncategorized\\\/rauman-saha-aloitti-toimintaansa\\\/#breadcrumb\",\"itemListElement\":[{\"@type\":\"ListItem\",\"position\":1,\"name\":\"Home\",\"item\":\"https:\\\/\\\/euroports.fi\\\/\"},{\"@type\":\"ListItem\",\"position\":2,\"name\":\"Rauman saha aloitti toimintaansa\"}]},{\"@type\":\"WebSite\",\"@id\":\"https:\\\/\\\/euroports.fi\\\/en\\\/#website\",\"url\":\"https:\\\/\\\/euroports.fi\\\/en\\\/\",\"name\":\"Euroports Finland\",\"description\":\"T\u00e4yden palvelun satamaoperaattori.\",\"publisher\":{\"@id\":\"https:\\\/\\\/euroports.fi\\\/en\\\/#organization\"},\"potentialAction\":[{\"@type\":\"SearchAction\",\"target\":{\"@type\":\"EntryPoint\",\"urlTemplate\":\"https:\\\/\\\/euroports.fi\\\/en\\\/?s={search_term_string}\"},\"query-input\":{\"@type\":\"PropertyValueSpecification\",\"valueRequired\":true,\"valueName\":\"search_term_string\"}}],\"inLanguage\":\"en-US\"},{\"@type\":\"Organization\",\"@id\":\"https:\\\/\\\/euroports.fi\\\/en\\\/#organization\",\"name\":\"Euroports Finland\",\"url\":\"https:\\\/\\\/euroports.fi\\\/en\\\/\",\"logo\":{\"@type\":\"ImageObject\",\"inLanguage\":\"en-US\",\"@id\":\"https:\\\/\\\/euroports.fi\\\/en\\\/#\\\/schema\\\/logo\\\/image\\\/\",\"url\":\"https:\\\/\\\/euroports.fi\\\/wp-content\\\/uploads\\\/2022\\\/01\\\/cropped-euroports_logo.png\",\"contentUrl\":\"https:\\\/\\\/euroports.fi\\\/wp-content\\\/uploads\\\/2022\\\/01\\\/cropped-euroports_logo.png\",\"width\":350,\"height\":100,\"caption\":\"Euroports Finland\"},\"image\":{\"@id\":\"https:\\\/\\\/euroports.fi\\\/en\\\/#\\\/schema\\\/logo\\\/image\\\/\"}},{\"@type\":\"Person\",\"@id\":\"https:\\\/\\\/euroports.fi\\\/en\\\/#\\\/schema\\\/person\\\/35b362cab1d343ca1b071b89b31ac6f1\",\"name\":\"Marika Pulliainen\",\"image\":{\"@type\":\"ImageObject\",\"inLanguage\":\"en-US\",\"@id\":\"https:\\\/\\\/secure.gravatar.com\\\/avatar\\\/fc819223a05f644da742e5b917283dbc6a1717402e949ed12d2dbd57f8c14811?s=96&d=mm&r=g\",\"url\":\"https:\\\/\\\/secure.gravatar.com\\\/avatar\\\/fc819223a05f644da742e5b917283dbc6a1717402e949ed12d2dbd57f8c14811?s=96&d=mm&r=g\",\"contentUrl\":\"https:\\\/\\\/secure.gravatar.com\\\/avatar\\\/fc819223a05f644da742e5b917283dbc6a1717402e949ed12d2dbd57f8c14811?s=96&d=mm&r=g\",\"caption\":\"Marika Pulliainen\"},\"url\":\"https:\\\/\\\/euroports.fi\\\/en\\\/author\\\/marikapulliainen\\\/\"}]}<\/script>\n<!-- \/ Yoast SEO plugin. -->","yoast_head_json":{"title":"Rauman saha aloitti toimintaansa - Euroports Finland","robots":{"index":"index","follow":"follow","max-snippet":"max-snippet:-1","max-image-preview":"max-image-preview:large","max-video-preview":"max-video-preview:-1"},"canonical":"https:\/\/euroports.fi\/en\/uncategorized\/rauman-saha-aloitti-toimintaansa\/","og_locale":"en_US","og_type":"article","og_title":"Rauman saha aloitti toimintaansa - Euroports Finland","og_description":"Mets\u00e4 Groupiin kuuluva Mets\u00e4 Fibren Rauman sahan toiminta on k\u00e4ynnistynyt ja Euroports Rauma Oy vastaa koko sahan tuotannon varastoinnista ja toimitusoperaatioista. Rauman sahan kokonaisvuosivolyymi l\u00e4hes kaksinkertaistaa Euroports Rauma Oy:n sahatavaran k\u00e4sittelym\u00e4\u00e4r\u00e4t ja yhti\u00f6 on t\u00e4m\u00e4n j\u00e4lkeen Suomen toiseksi suurin sahatavaraoperaattori. \u201dRauman sahan taustalla on vahva yritysten v\u00e4linen yhteisty\u00f6, jolla varmistetaan ymp\u00e4rist\u00f6yst\u00e4v\u00e4llinen ja kustannustehokas puun arvoketju\u201d, [&hellip;]","og_url":"https:\/\/euroports.fi\/en\/uncategorized\/rauman-saha-aloitti-toimintaansa\/","og_site_name":"Euroports Finland","article_published_time":"2022-10-12T20:31:57+00:00","article_modified_time":"2022-10-12T20:36:27+00:00","og_image":[{"width":1860,"height":998,"url":"https:\/\/euroports.fi\/wp-content\/uploads\/2022\/10\/Rauma-e1738138293539.jpg","type":"image\/jpeg"}],"author":"Marika Pulliainen","twitter_card":"summary_large_image","twitter_misc":{"Written by":"Marika Pulliainen","Est. reading time":"1 minute"},"schema":{"@context":"https:\/\/schema.org","@graph":[{"@type":"Article","@id":"https:\/\/euroports.fi\/uncategorized\/rauman-saha-aloitti-toimintaansa\/#article","isPartOf":{"@id":"https:\/\/euroports.fi\/uncategorized\/rauman-saha-aloitti-toimintaansa\/"},"author":{"name":"Marika Pulliainen","@id":"https:\/\/euroports.fi\/en\/#\/schema\/person\/35b362cab1d343ca1b071b89b31ac6f1"},"headline":"Rauman saha aloitti toimintaansa","datePublished":"2022-10-12T20:31:57+00:00","dateModified":"2022-10-12T20:36:27+00:00","mainEntityOfPage":{"@id":"https:\/\/euroports.fi\/uncategorized\/rauman-saha-aloitti-toimintaansa\/"},"wordCount":255,"commentCount":0,"publisher":{"@id":"https:\/\/euroports.fi\/en\/#organization"},"image":{"@id":"https:\/\/euroports.fi\/uncategorized\/rauman-saha-aloitti-toimintaansa\/#primaryimage"},"thumbnailUrl":"https:\/\/euroports.fi\/wp-content\/uploads\/2022\/10\/Rauma-e1738138293539.jpg","keywords":["Euroports","Mets\u00e4 Fibre","Mets\u00e4 Group","Rauman saha"],"inLanguage":"en-US","potentialAction":[{"@type":"CommentAction","name":"Comment","target":["https:\/\/euroports.fi\/uncategorized\/rauman-saha-aloitti-toimintaansa\/#respond"]}]},{"@type":"WebPage","@id":"https:\/\/euroports.fi\/uncategorized\/rauman-saha-aloitti-toimintaansa\/","url":"https:\/\/euroports.fi\/uncategorized\/rauman-saha-aloitti-toimintaansa\/","name":"Rauman saha aloitti toimintaansa - Euroports Finland","isPartOf":{"@id":"https:\/\/euroports.fi\/en\/#website"},"primaryImageOfPage":{"@id":"https:\/\/euroports.fi\/uncategorized\/rauman-saha-aloitti-toimintaansa\/#primaryimage"},"image":{"@id":"https:\/\/euroports.fi\/uncategorized\/rauman-saha-aloitti-toimintaansa\/#primaryimage"},"thumbnailUrl":"https:\/\/euroports.fi\/wp-content\/uploads\/2022\/10\/Rauma-e1738138293539.jpg","datePublished":"2022-10-12T20:31:57+00:00","dateModified":"2022-10-12T20:36:27+00:00","breadcrumb":{"@id":"https:\/\/euroports.fi\/uncategorized\/rauman-saha-aloitti-toimintaansa\/#breadcrumb"},"inLanguage":"en-US","potentialAction":[{"@type":"ReadAction","target":["https:\/\/euroports.fi\/uncategorized\/rauman-saha-aloitti-toimintaansa\/"]}]},{"@type":"ImageObject","inLanguage":"en-US","@id":"https:\/\/euroports.fi\/uncategorized\/rauman-saha-aloitti-toimintaansa\/#primaryimage","url":"https:\/\/euroports.fi\/wp-content\/uploads\/2022\/10\/Rauma-e1738138293539.jpg","contentUrl":"https:\/\/euroports.fi\/wp-content\/uploads\/2022\/10\/Rauma-e1738138293539.jpg","width":1860,"height":998,"caption":"Sahatavaran k\u00e4sittely\u00e4 Raumalla"},{"@type":"BreadcrumbList","@id":"https:\/\/euroports.fi\/uncategorized\/rauman-saha-aloitti-toimintaansa\/#breadcrumb","itemListElement":[{"@type":"ListItem","position":1,"name":"Home","item":"https:\/\/euroports.fi\/"},{"@type":"ListItem","position":2,"name":"Rauman saha aloitti toimintaansa"}]},{"@type":"WebSite","@id":"https:\/\/euroports.fi\/en\/#website","url":"https:\/\/euroports.fi\/en\/","name":"Euroports Finland","description":"T\u00e4yden palvelun satamaoperaattori.","publisher":{"@id":"https:\/\/euroports.fi\/en\/#organization"},"potentialAction":[{"@type":"SearchAction","target":{"@type":"EntryPoint","urlTemplate":"https:\/\/euroports.fi\/en\/?s={search_term_string}"},"query-input":{"@type":"PropertyValueSpecification","valueRequired":true,"valueName":"search_term_string"}}],"inLanguage":"en-US"},{"@type":"Organization","@id":"https:\/\/euroports.fi\/en\/#organization","name":"Euroports Finland","url":"https:\/\/euroports.fi\/en\/","logo":{"@type":"ImageObject","inLanguage":"en-US","@id":"https:\/\/euroports.fi\/en\/#\/schema\/logo\/image\/","url":"https:\/\/euroports.fi\/wp-content\/uploads\/2022\/01\/cropped-euroports_logo.png","contentUrl":"https:\/\/euroports.fi\/wp-content\/uploads\/2022\/01\/cropped-euroports_logo.png","width":350,"height":100,"caption":"Euroports Finland"},"image":{"@id":"https:\/\/euroports.fi\/en\/#\/schema\/logo\/image\/"}},{"@type":"Person","@id":"https:\/\/euroports.fi\/en\/#\/schema\/person\/35b362cab1d343ca1b071b89b31ac6f1","name":"Marika Pulliainen","image":{"@type":"ImageObject","inLanguage":"en-US","@id":"https:\/\/secure.gravatar.com\/avatar\/fc819223a05f644da742e5b917283dbc6a1717402e949ed12d2dbd57f8c14811?s=96&d=mm&r=g","url":"https:\/\/secure.gravatar.com\/avatar\/fc819223a05f644da742e5b917283dbc6a1717402e949ed12d2dbd57f8c14811?s=96&d=mm&r=g","contentUrl":"https:\/\/secure.gravatar.com\/avatar\/fc819223a05f644da742e5b917283dbc6a1717402e949ed12d2dbd57f8c14811?s=96&d=mm&r=g","caption":"Marika Pulliainen"},"url":"https:\/\/euroports.fi\/en\/author\/marikapulliainen\/"}]}},"_links":{"self":[{"href":"https:\/\/euroports.fi\/en\/wp-json\/wp\/v2\/posts\/4700","targetHints":{"allow":["GET"]}}],"collection":[{"href":"https:\/\/euroports.fi\/en\/wp-json\/wp\/v2\/posts"}],"about":[{"href":"https:\/\/euroports.fi\/en\/wp-json\/wp\/v2\/types\/post"}],"author":[{"embeddable":true,"href":"https:\/\/euroports.fi\/en\/wp-json\/wp\/v2\/users\/8"}],"replies":[{"embeddable":true,"href":"https:\/\/euroports.fi\/en\/wp-json\/wp\/v2\/comments?post=4700"}],"version-history":[{"count":5,"href":"https:\/\/euroports.fi\/en\/wp-json\/wp\/v2\/posts\/4700\/revisions"}],"predecessor-version":[{"id":4709,"href":"https:\/\/euroports.fi\/en\/wp-json\/wp\/v2\/posts\/4700\/revisions\/4709"}],"wp:featuredmedia":[{"embeddable":true,"href":"https:\/\/euroports.fi\/en\/wp-json\/wp\/v2\/media\/4707"}],"wp:attachment":[{"href":"https:\/\/euroports.fi\/en\/wp-json\/wp\/v2\/media?parent=4700"}],"wp:term":[{"taxonomy":"category","embeddable":true,"href":"https:\/\/euroports.fi\/en\/wp-json\/wp\/v2\/categories?post=4700"},{"taxonomy":"post_tag","embeddable":true,"href":"https:\/\/euroports.fi\/en\/wp-json\/wp\/v2\/tags?post=4700"}],"curies":[{"name":"wp","href":"https:\/\/api.w.org\/{rel}","templated":true}]}}